{"id":2352,"date":"2025-08-19T15:57:00","date_gmt":"2025-08-19T13:57:00","guid":{"rendered":"https:\/\/www.szentimrekorhaz.hu\/?p=2352"},"modified":"2026-02-10T10:51:36","modified_gmt":"2026-02-10T09:51:36","slug":"augusztus-20-munkaszuneti-nap","status":"publish","type":"post","link":"https:\/\/www.szentimrekorhaz.hu\/index.php\/augusztus-20-munkaszuneti-nap\/","title":{"rendered":"Augusztus 20. munkasz\u00fcneti nap"},"content":{"rendered":"\n<p><strong>Tisztelt Betegeink!<\/strong><\/p>\n\n\n\n<p>Augusztus 20-\u00e1n (szerd\u00e1n) a nemzeti \u00fcnnepen K\u00f3rh\u00e1zunkban a j\u00e1r\u00f3beteg rendel\u00e9s \u00e9s az id\u0151pont el\u0151jegyz\u00e9s sz\u00fcnetel. <\/p>\n\n\n\n<p>Cs\u00fct\u00f6rt\u00f6kt\u0151l a megszokott rendben v\u00e1rjuk \u00d6n\u00f6ket.<\/p>\n\n\n\n<p>Meg\u00e9rt\u00e9s\u00fcket k\u00f6sz\u00f6nj\u00fck!<\/p>\n\n\n\n<p>J\u00f3 eg\u00e9szs\u00e9get k\u00edv\u00e1nunk!<\/p>\n\n\n\n\t<div class=\"dkpdf-button-container\" style=\"            text-align:right \">\n\n\t\t<a class=\"dkpdf-button\" href=\"\/index.php\/wp-json\/wp\/v2\/posts\/2352?pdf=2352\" target=\"_blank\"><span class=\"dkpdf-button-icon\"><i class=\"fa fa-file-pdf-o\"><\/i><\/span> Let\u00f6lt\u00e9s<\/a>\n\n\t<\/div>\n\n\n\n\n\n","protected":false},"excerpt":{"rendered":"<p>Tisztelt Betegeink! Augusztus 20-\u00e1n (szerd\u00e1n) a nemzeti \u00fcnnepen K\u00f3rh\u00e1zunkban a j\u00e1r\u00f3beteg rendel\u00e9s \u00e9s az id\u0151pont el\u0151jegyz\u00e9s sz\u00fcnetel. Cs\u00fct\u00f6rt\u00f6kt\u0151l a megszokott rendben v\u00e1rjuk \u00d6n\u00f6ket. Meg\u00e9rt\u00e9s\u00fcket k\u00f6sz\u00f6nj\u00fck!&hellip;<\/p>\n","protected":false},"author":31,"featured_media":2395,"comment_status":"closed","ping_status":"closed","sticky":false,"template":"","format":"standard","meta":{"_acf_changed":false,"_uag_custom_page_level_css":"","footnotes":""},"categories":[37,21],"tags":[],"class_list":["post-2352","post","type-post","status-publish","format-standard","has-post-thumbnail","hentry","category-cimlaphirek","category-hirek"],"acf":[],"yoast_head":"<!-- This site is optimized with the Yoast SEO plugin v28.2 - https:\/\/yoast.com\/product\/yoast-seo-wordpress\/ -->\n<title>Augusztus 20. munkasz\u00fcneti nap - D\u00e9l-budai Centrumk\u00f3rh\u00e1z<\/title>\n<meta name=\"robots\" content=\"index, follow, max-snippet:-1, max-image-preview:large, max-video-preview:-1\" \/>\n<link rel=\"canonical\" href=\"https:\/\/www.szentimrekorhaz.hu\/index.php\/augusztus-20-munkaszuneti-nap\/\" \/>\n<meta property=\"og:locale\" content=\"hu_HU\" \/>\n<meta property=\"og:type\" content=\"article\" \/>\n<meta property=\"og:title\" content=\"Augusztus 20. munkasz\u00fcneti nap - D\u00e9l-budai Centrumk\u00f3rh\u00e1z\" \/>\n<meta property=\"og:description\" content=\"Tisztelt Betegeink! Augusztus 20-\u00e1n (szerd\u00e1n) a nemzeti \u00fcnnepen K\u00f3rh\u00e1zunkban a j\u00e1r\u00f3beteg rendel\u00e9s \u00e9s az id\u0151pont el\u0151jegyz\u00e9s sz\u00fcnetel. Cs\u00fct\u00f6rt\u00f6kt\u0151l a megszokott rendben v\u00e1rjuk \u00d6n\u00f6ket. Meg\u00e9rt\u00e9s\u00fcket k\u00f6sz\u00f6nj\u00fck!&hellip;\" \/>\n<meta property=\"og:url\" content=\"https:\/\/www.szentimrekorhaz.hu\/index.php\/augusztus-20-munkaszuneti-nap\/\" \/>\n<meta property=\"og:site_name\" content=\"D\u00e9l-budai Centrumk\u00f3rh\u00e1z\" \/>\n<meta property=\"article:publisher\" content=\"https:\/\/www.facebook.com\/szentimrekorhaz\" \/>\n<meta property=\"article:published_time\" content=\"2025-08-19T13:57:00+00:00\" \/>\n<meta property=\"article:modified_time\" content=\"2026-02-10T09:51:36+00:00\" \/>\n<meta property=\"og:image\" content=\"https:\/\/www.szentimrekorhaz.hu\/wp-content\/uploads\/2025\/08\/Korhaz-foto.jpg\" \/>\n\t<meta property=\"og:image:width\" content=\"1600\" \/>\n\t<meta property=\"og:image:height\" content=\"1120\" \/>\n\t<meta property=\"og:image:type\" content=\"image\/jpeg\" \/>\n<meta name=\"author\" content=\"draviczkiakos\" \/>\n<meta name=\"twitter:card\" content=\"summary_large_image\" \/>\n<meta name=\"twitter:label1\" content=\"Written by\" \/>\n\t<meta name=\"twitter:data1\" content=\"draviczkiakos\" \/>\n<script type=\"application\/ld+json\" class=\"yoast-schema-graph\">{\"@context\":\"https:\\\/\\\/schema.org\",\"@graph\":[{\"@type\":\"Article\",\"@id\":\"https:\\\/\\\/www.szentimrekorhaz.hu\\\/index.php\\\/augusztus-20-munkaszuneti-nap\\\/#article\",\"isPartOf\":{\"@id\":\"https:\\\/\\\/www.szentimrekorhaz.hu\\\/index.php\\\/augusztus-20-munkaszuneti-nap\\\/\"},\"author\":{\"name\":\"draviczkiakos\",\"@id\":\"https:\\\/\\\/www.szentimrekorhaz.hu\\\/#\\\/schema\\\/person\\\/63f81fd96a0cef83fa0d60445861e717\"},\"headline\":\"Augusztus 20. munkasz\u00fcneti nap\",\"datePublished\":\"2025-08-19T13:57:00+00:00\",\"dateModified\":\"2026-02-10T09:51:36+00:00\",\"mainEntityOfPage\":{\"@id\":\"https:\\\/\\\/www.szentimrekorhaz.hu\\\/index.php\\\/augusztus-20-munkaszuneti-nap\\\/\"},\"wordCount\":59,\"publisher\":{\"@id\":\"https:\\\/\\\/www.szentimrekorhaz.hu\\\/#organization\"},\"image\":{\"@id\":\"https:\\\/\\\/www.szentimrekorhaz.hu\\\/index.php\\\/augusztus-20-munkaszuneti-nap\\\/#primaryimage\"},\"thumbnailUrl\":\"https:\\\/\\\/www.szentimrekorhaz.hu\\\/wp-content\\\/uploads\\\/2025\\\/08\\\/Korhaz-foto.jpg\",\"articleSection\":[\"C\u00edmlaph\u00edrek\",\"H\u00edrek\"],\"inLanguage\":\"hu\"},{\"@type\":\"WebPage\",\"@id\":\"https:\\\/\\\/www.szentimrekorhaz.hu\\\/index.php\\\/augusztus-20-munkaszuneti-nap\\\/\",\"url\":\"https:\\\/\\\/www.szentimrekorhaz.hu\\\/index.php\\\/augusztus-20-munkaszuneti-nap\\\/\",\"name\":\"Augusztus 20. munkasz\u00fcneti nap - D\u00e9l-budai Centrumk\u00f3rh\u00e1z\",\"isPartOf\":{\"@id\":\"https:\\\/\\\/www.szentimrekorhaz.hu\\\/#website\"},\"primaryImageOfPage\":{\"@id\":\"https:\\\/\\\/www.szentimrekorhaz.hu\\\/index.php\\\/augusztus-20-munkaszuneti-nap\\\/#primaryimage\"},\"image\":{\"@id\":\"https:\\\/\\\/www.szentimrekorhaz.hu\\\/index.php\\\/augusztus-20-munkaszuneti-nap\\\/#primaryimage\"},\"thumbnailUrl\":\"https:\\\/\\\/www.szentimrekorhaz.hu\\\/wp-content\\\/uploads\\\/2025\\\/08\\\/Korhaz-foto.jpg\",\"datePublished\":\"2025-08-19T13:57:00+00:00\",\"dateModified\":\"2026-02-10T09:51:36+00:00\",\"breadcrumb\":{\"@id\":\"https:\\\/\\\/www.szentimrekorhaz.hu\\\/index.php\\\/augusztus-20-munkaszuneti-nap\\\/#breadcrumb\"},\"inLanguage\":\"hu\",\"potentialAction\":[{\"@type\":\"ReadAction\",\"target\":[\"https:\\\/\\\/www.szentimrekorhaz.hu\\\/index.php\\\/augusztus-20-munkaszuneti-nap\\\/\"]}]},{\"@type\":\"ImageObject\",\"inLanguage\":\"hu\",\"@id\":\"https:\\\/\\\/www.szentimrekorhaz.hu\\\/index.php\\\/augusztus-20-munkaszuneti-nap\\\/#primaryimage\",\"url\":\"https:\\\/\\\/www.szentimrekorhaz.hu\\\/wp-content\\\/uploads\\\/2025\\\/08\\\/Korhaz-foto.jpg\",\"contentUrl\":\"https:\\\/\\\/www.szentimrekorhaz.hu\\\/wp-content\\\/uploads\\\/2025\\\/08\\\/Korhaz-foto.jpg\",\"width\":1600,\"height\":1120,\"caption\":\"Dekor\u00e1ci\u00f3s k\u00e9p\"},{\"@type\":\"BreadcrumbList\",\"@id\":\"https:\\\/\\\/www.szentimrekorhaz.hu\\\/index.php\\\/augusztus-20-munkaszuneti-nap\\\/#breadcrumb\",\"itemListElement\":[{\"@type\":\"ListItem\",\"position\":1,\"name\":\"Home\",\"item\":\"https:\\\/\\\/www.szentimrekorhaz.hu\\\/\"},{\"@type\":\"ListItem\",\"position\":2,\"name\":\"Augusztus 20. munkasz\u00fcneti nap\"}]},{\"@type\":\"WebSite\",\"@id\":\"https:\\\/\\\/www.szentimrekorhaz.hu\\\/#website\",\"url\":\"https:\\\/\\\/www.szentimrekorhaz.hu\\\/\",\"name\":\"D\u00e9l-budai Centrumk\u00f3rh\u00e1z Szent Imre Egyetemi Oktat\u00f3k\u00f3rh\u00e1z\",\"description\":\"Szent Imre Egyetemi Oktat\u00f3k\u00f3rh\u00e1z\",\"publisher\":{\"@id\":\"https:\\\/\\\/www.szentimrekorhaz.hu\\\/#organization\"},\"potentialAction\":[{\"@type\":\"SearchAction\",\"target\":{\"@type\":\"EntryPoint\",\"urlTemplate\":\"https:\\\/\\\/www.szentimrekorhaz.hu\\\/?s={search_term_string}\"},\"query-input\":{\"@type\":\"PropertyValueSpecification\",\"valueRequired\":true,\"valueName\":\"search_term_string\"}}],\"inLanguage\":\"hu\"},{\"@type\":\"Organization\",\"@id\":\"https:\\\/\\\/www.szentimrekorhaz.hu\\\/#organization\",\"name\":\"D\u00e9l-budai Centrumk\u00f3rh\u00e1z Szent Imre Egyetemi Oktat\u00f3k\u00f3rh\u00e1z\",\"url\":\"https:\\\/\\\/www.szentimrekorhaz.hu\\\/\",\"logo\":{\"@type\":\"ImageObject\",\"inLanguage\":\"hu\",\"@id\":\"https:\\\/\\\/www.szentimrekorhaz.hu\\\/#\\\/schema\\\/logo\\\/image\\\/\",\"url\":\"https:\\\/\\\/www.szentimrekorhaz.hu\\\/wp-content\\\/uploads\\\/2025\\\/05\\\/cropped-logo.png\",\"contentUrl\":\"https:\\\/\\\/www.szentimrekorhaz.hu\\\/wp-content\\\/uploads\\\/2025\\\/05\\\/cropped-logo.png\",\"width\":577,\"height\":577,\"caption\":\"D\u00e9l-budai Centrumk\u00f3rh\u00e1z Szent Imre Egyetemi Oktat\u00f3k\u00f3rh\u00e1z\"},\"image\":{\"@id\":\"https:\\\/\\\/www.szentimrekorhaz.hu\\\/#\\\/schema\\\/logo\\\/image\\\/\"},\"sameAs\":[\"https:\\\/\\\/www.facebook.com\\\/szentimrekorhaz\",\"https:\\\/\\\/www.instagram.com\\\/szentimrekorhaz\"]},{\"@type\":\"Person\",\"@id\":\"https:\\\/\\\/www.szentimrekorhaz.hu\\\/#\\\/schema\\\/person\\\/63f81fd96a0cef83fa0d60445861e717\",\"name\":\"draviczkiakos\",\"url\":\"https:\\\/\\\/www.szentimrekorhaz.hu\\\/index.php\\\/author\\\/draviczkiakos\\\/\"}]}<\/script>\n<!-- \/ Yoast SEO plugin. -->","yoast_head_json":{"title":"Augusztus 20. munkasz\u00fcneti nap - D\u00e9l-budai Centrumk\u00f3rh\u00e1z","robots":{"index":"index","follow":"follow","max-snippet":"max-snippet:-1","max-image-preview":"max-image-preview:large","max-video-preview":"max-video-preview:-1"},"canonical":"https:\/\/www.szentimrekorhaz.hu\/index.php\/augusztus-20-munkaszuneti-nap\/","og_locale":"hu_HU","og_type":"article","og_title":"Augusztus 20. munkasz\u00fcneti nap - D\u00e9l-budai Centrumk\u00f3rh\u00e1z","og_description":"Tisztelt Betegeink! Augusztus 20-\u00e1n (szerd\u00e1n) a nemzeti \u00fcnnepen K\u00f3rh\u00e1zunkban a j\u00e1r\u00f3beteg rendel\u00e9s \u00e9s az id\u0151pont el\u0151jegyz\u00e9s sz\u00fcnetel. Cs\u00fct\u00f6rt\u00f6kt\u0151l a megszokott rendben v\u00e1rjuk \u00d6n\u00f6ket. Meg\u00e9rt\u00e9s\u00fcket k\u00f6sz\u00f6nj\u00fck!&hellip;","og_url":"https:\/\/www.szentimrekorhaz.hu\/index.php\/augusztus-20-munkaszuneti-nap\/","og_site_name":"D\u00e9l-budai Centrumk\u00f3rh\u00e1z","article_publisher":"https:\/\/www.facebook.com\/szentimrekorhaz","article_published_time":"2025-08-19T13:57:00+00:00","article_modified_time":"2026-02-10T09:51:36+00:00","og_image":[{"width":1600,"height":1120,"url":"https:\/\/www.szentimrekorhaz.hu\/wp-content\/uploads\/2025\/08\/Korhaz-foto.jpg","type":"image\/jpeg"}],"author":"draviczkiakos","twitter_card":"summary_large_image","twitter_misc":{"Written by":"draviczkiakos"},"schema":{"@context":"https:\/\/schema.org","@graph":[{"@type":"Article","@id":"https:\/\/www.szentimrekorhaz.hu\/index.php\/augusztus-20-munkaszuneti-nap\/#article","isPartOf":{"@id":"https:\/\/www.szentimrekorhaz.hu\/index.php\/augusztus-20-munkaszuneti-nap\/"},"author":{"name":"draviczkiakos","@id":"https:\/\/www.szentimrekorhaz.hu\/#\/schema\/person\/63f81fd96a0cef83fa0d60445861e717"},"headline":"Augusztus 20. munkasz\u00fcneti nap","datePublished":"2025-08-19T13:57:00+00:00","dateModified":"2026-02-10T09:51:36+00:00","mainEntityOfPage":{"@id":"https:\/\/www.szentimrekorhaz.hu\/index.php\/augusztus-20-munkaszuneti-nap\/"},"wordCount":59,"publisher":{"@id":"https:\/\/www.szentimrekorhaz.hu\/#organization"},"image":{"@id":"https:\/\/www.szentimrekorhaz.hu\/index.php\/augusztus-20-munkaszuneti-nap\/#primaryimage"},"thumbnailUrl":"https:\/\/www.szentimrekorhaz.hu\/wp-content\/uploads\/2025\/08\/Korhaz-foto.jpg","articleSection":["C\u00edmlaph\u00edrek","H\u00edrek"],"inLanguage":"hu"},{"@type":"WebPage","@id":"https:\/\/www.szentimrekorhaz.hu\/index.php\/augusztus-20-munkaszuneti-nap\/","url":"https:\/\/www.szentimrekorhaz.hu\/index.php\/augusztus-20-munkaszuneti-nap\/","name":"Augusztus 20. munkasz\u00fcneti nap - D\u00e9l-budai Centrumk\u00f3rh\u00e1z","isPartOf":{"@id":"https:\/\/www.szentimrekorhaz.hu\/#website"},"primaryImageOfPage":{"@id":"https:\/\/www.szentimrekorhaz.hu\/index.php\/augusztus-20-munkaszuneti-nap\/#primaryimage"},"image":{"@id":"https:\/\/www.szentimrekorhaz.hu\/index.php\/augusztus-20-munkaszuneti-nap\/#primaryimage"},"thumbnailUrl":"https:\/\/www.szentimrekorhaz.hu\/wp-content\/uploads\/2025\/08\/Korhaz-foto.jpg","datePublished":"2025-08-19T13:57:00+00:00","dateModified":"2026-02-10T09:51:36+00:00","breadcrumb":{"@id":"https:\/\/www.szentimrekorhaz.hu\/index.php\/augusztus-20-munkaszuneti-nap\/#breadcrumb"},"inLanguage":"hu","potentialAction":[{"@type":"ReadAction","target":["https:\/\/www.szentimrekorhaz.hu\/index.php\/augusztus-20-munkaszuneti-nap\/"]}]},{"@type":"ImageObject","inLanguage":"hu","@id":"https:\/\/www.szentimrekorhaz.hu\/index.php\/augusztus-20-munkaszuneti-nap\/#primaryimage","url":"https:\/\/www.szentimrekorhaz.hu\/wp-content\/uploads\/2025\/08\/Korhaz-foto.jpg","contentUrl":"https:\/\/www.szentimrekorhaz.hu\/wp-content\/uploads\/2025\/08\/Korhaz-foto.jpg","width":1600,"height":1120,"caption":"Dekor\u00e1ci\u00f3s k\u00e9p"},{"@type":"BreadcrumbList","@id":"https:\/\/www.szentimrekorhaz.hu\/index.php\/augusztus-20-munkaszuneti-nap\/#breadcrumb","itemListElement":[{"@type":"ListItem","position":1,"name":"Home","item":"https:\/\/www.szentimrekorhaz.hu\/"},{"@type":"ListItem","position":2,"name":"Augusztus 20. munkasz\u00fcneti nap"}]},{"@type":"WebSite","@id":"https:\/\/www.szentimrekorhaz.hu\/#website","url":"https:\/\/www.szentimrekorhaz.hu\/","name":"D\u00e9l-budai Centrumk\u00f3rh\u00e1z Szent Imre Egyetemi Oktat\u00f3k\u00f3rh\u00e1z","description":"Szent Imre Egyetemi Oktat\u00f3k\u00f3rh\u00e1z","publisher":{"@id":"https:\/\/www.szentimrekorhaz.hu\/#organization"},"potentialAction":[{"@type":"SearchAction","target":{"@type":"EntryPoint","urlTemplate":"https:\/\/www.szentimrekorhaz.hu\/?s={search_term_string}"},"query-input":{"@type":"PropertyValueSpecification","valueRequired":true,"valueName":"search_term_string"}}],"inLanguage":"hu"},{"@type":"Organization","@id":"https:\/\/www.szentimrekorhaz.hu\/#organization","name":"D\u00e9l-budai Centrumk\u00f3rh\u00e1z Szent Imre Egyetemi Oktat\u00f3k\u00f3rh\u00e1z","url":"https:\/\/www.szentimrekorhaz.hu\/","logo":{"@type":"ImageObject","inLanguage":"hu","@id":"https:\/\/www.szentimrekorhaz.hu\/#\/schema\/logo\/image\/","url":"https:\/\/www.szentimrekorhaz.hu\/wp-content\/uploads\/2025\/05\/cropped-logo.png","contentUrl":"https:\/\/www.szentimrekorhaz.hu\/wp-content\/uploads\/2025\/05\/cropped-logo.png","width":577,"height":577,"caption":"D\u00e9l-budai Centrumk\u00f3rh\u00e1z Szent Imre Egyetemi Oktat\u00f3k\u00f3rh\u00e1z"},"image":{"@id":"https:\/\/www.szentimrekorhaz.hu\/#\/schema\/logo\/image\/"},"sameAs":["https:\/\/www.facebook.com\/szentimrekorhaz","https:\/\/www.instagram.com\/szentimrekorhaz"]},{"@type":"Person","@id":"https:\/\/www.szentimrekorhaz.hu\/#\/schema\/person\/63f81fd96a0cef83fa0d60445861e717","name":"draviczkiakos","url":"https:\/\/www.szentimrekorhaz.hu\/index.php\/author\/draviczkiakos\/"}]}},"uagb_featured_image_src":{"full":["https:\/\/www.szentimrekorhaz.hu\/wp-content\/uploads\/2025\/08\/Korhaz-foto.jpg",1600,1120,false],"thumbnail":["https:\/\/www.szentimrekorhaz.hu\/wp-content\/uploads\/2025\/08\/Korhaz-foto-150x150.jpg",150,150,true],"medium":["https:\/\/www.szentimrekorhaz.hu\/wp-content\/uploads\/2025\/08\/Korhaz-foto-300x210.jpg",300,210,true],"medium_large":["https:\/\/www.szentimrekorhaz.hu\/wp-content\/uploads\/2025\/08\/Korhaz-foto-768x538.jpg",768,538,true],"large":["https:\/\/www.szentimrekorhaz.hu\/wp-content\/uploads\/2025\/08\/Korhaz-foto-1024x717.jpg",843,590,true],"1536x1536":["https:\/\/www.szentimrekorhaz.hu\/wp-content\/uploads\/2025\/08\/Korhaz-foto-1536x1075.jpg",1536,1075,true],"2048x2048":["https:\/\/www.szentimrekorhaz.hu\/wp-content\/uploads\/2025\/08\/Korhaz-foto.jpg",1600,1120,false],"410x410":["https:\/\/www.szentimrekorhaz.hu\/wp-content\/uploads\/2025\/08\/Korhaz-foto-410x410.jpg",410,410,true]},"uagb_author_info":{"display_name":"draviczkiakos","author_link":"https:\/\/www.szentimrekorhaz.hu\/index.php\/author\/draviczkiakos\/"},"uagb_comment_info":0,"uagb_excerpt":"Tisztelt Betegeink! Augusztus 20-\u00e1n (szerd\u00e1n) a nemzeti \u00fcnnepen K\u00f3rh\u00e1zunkban a j\u00e1r\u00f3beteg rendel\u00e9s \u00e9s az id\u0151pont el\u0151jegyz\u00e9s sz\u00fcnetel. Cs\u00fct\u00f6rt\u00f6kt\u0151l a megszokott rendben v\u00e1rjuk \u00d6n\u00f6ket. Meg\u00e9rt\u00e9s\u00fcket k\u00f6sz\u00f6nj\u00fck!&hellip;","post_type":"post","author_name":"draviczkiakos","_links":{"self":[{"href":"https:\/\/www.szentimrekorhaz.hu\/index.php\/wp-json\/wp\/v2\/posts\/2352","targetHints":{"allow":["GET"]}}],"collection":[{"href":"https:\/\/www.szentimrekorhaz.hu\/index.php\/wp-json\/wp\/v2\/posts"}],"about":[{"href":"https:\/\/www.szentimrekorhaz.hu\/index.php\/wp-json\/wp\/v2\/types\/post"}],"author":[{"embeddable":true,"href":"https:\/\/www.szentimrekorhaz.hu\/index.php\/wp-json\/wp\/v2\/users\/31"}],"replies":[{"embeddable":true,"href":"https:\/\/www.szentimrekorhaz.hu\/index.php\/wp-json\/wp\/v2\/comments?post=2352"}],"version-history":[{"count":1,"href":"https:\/\/www.szentimrekorhaz.hu\/index.php\/wp-json\/wp\/v2\/posts\/2352\/revisions"}],"predecessor-version":[{"id":2354,"href":"https:\/\/www.szentimrekorhaz.hu\/index.php\/wp-json\/wp\/v2\/posts\/2352\/revisions\/2354"}],"wp:featuredmedia":[{"embeddable":true,"href":"https:\/\/www.szentimrekorhaz.hu\/index.php\/wp-json\/wp\/v2\/media\/2395"}],"wp:attachment":[{"href":"https:\/\/www.szentimrekorhaz.hu\/index.php\/wp-json\/wp\/v2\/media?parent=2352"}],"wp:term":[{"taxonomy":"category","embeddable":true,"href":"https:\/\/www.szentimrekorhaz.hu\/index.php\/wp-json\/wp\/v2\/categories?post=2352"},{"taxonomy":"post_tag","embeddable":true,"href":"https:\/\/www.szentimrekorhaz.hu\/index.php\/wp-json\/wp\/v2\/tags?post=2352"}],"curies":[{"name":"wp","href":"https:\/\/api.w.org\/{rel}","templated":true}]}}