{"id":2464,"date":"2025-09-05T22:13:02","date_gmt":"2025-09-05T20:13:02","guid":{"rendered":"https:\/\/www.szentimrekorhaz.hu\/?p=2464"},"modified":"2025-09-05T22:13:02","modified_gmt":"2025-09-05T20:13:02","slug":"bucsuzunk-egy-barattol-prof-dr-kasler-miklosra-emlekezunk","status":"publish","type":"post","link":"https:\/\/www.szentimrekorhaz.hu\/index.php\/bucsuzunk-egy-barattol-prof-dr-kasler-miklosra-emlekezunk\/","title":{"rendered":"B\u00facs\u00fazunk egy bar\u00e1tt\u00f3l: Prof. Dr. K\u00e1sler Mikl\u00f3sra eml\u00e9kez\u00fcnk"},"content":{"rendered":"\n<p><strong>M\u00e9ly f\u00e1jdalommal \u00e9rtes\u00fclt\u00fcnk arr\u00f3l, hogy szeptember 5-\u00e9n, \u00e9let\u00e9nek 76. \u00e9v\u00e9ben elhunyt Prof. Dr. K\u00e1sler Mikl\u00f3s onkol\u00f3gus, egyetemi tan\u00e1r, kor\u00e1bbi miniszter.<\/strong><\/p>\n\n\n\n<p>A D\u00e9l-budai Centrumk\u00f3rh\u00e1z Szent Imre Egyetemi Oktat\u00f3k\u00f3rh\u00e1z mindig is sz\u00e1m\u00edthatott K\u00e1sler professzorra, aki nem egyszer\u0171en hivatalb\u00f3l, hanem szinte\u00a0 bar\u00e1tk\u00e9nt seg\u00edtette int\u00e9zm\u00e9ny\u00fcnket. Ennek \u00e9kes p\u00e9ld\u00e1ja, amikor Prof. Dr. Bedros J. R\u00f3bert, k\u00f3rh\u00e1zunk f\u0151igazgat\u00f3ja, 2020-ban, a covid-j\u00e1rv\u00e1ny legs\u00f6t\u00e9tebb id\u0151szak\u00e1ban megalap\u00edtotta az eg\u00e9szs\u00e9g\u00fcgyi dolgoz\u00f3k er\u0151fesz\u00edt\u00e9seit hangs\u00falyoz\u00f3 \u201eK\u00f6sz\u00f6net a h\u0151s\u00f6knek\u201d d\u00edjat \u00e9s elismer\u00e9st. K\u00e1sler professzor az eg\u00e9szs\u00e9g\u00fcgyet fel\u00fcgyel\u0151 emberi er\u0151forr\u00e1sok miniszterek\u00e9nt nem csak sz\u00f3ban m\u00e9ltatta ezt az egyed\u00fcl\u00e1ll\u00f3 kezdem\u00e9nyez\u00e9st, de\u00a0 a legels\u0151 d\u00edj\u00e1tad\u00f3n szem\u00e9lyesen \u00e9s bar\u00e1tk\u00e9nt tette tisztelet\u00e9t, \u00e9s f\u0151igazgat\u00f3nk k\u00e9r\u00e9s\u00e9re \u0151 maga is besz\u00e9det mondott.<\/p>\n\n\n\n<figure class=\"wp-block-image size-large\"><img decoding=\"async\" width=\"1024\" height=\"683\" src=\"https:\/\/www.szentimrekorhaz.hu\/wp-content\/uploads\/2025\/09\/IMG_8036-1024x683.jpg\" alt=\"\" class=\"wp-image-2463\" srcset=\"https:\/\/www.szentimrekorhaz.hu\/wp-content\/uploads\/2025\/09\/IMG_8036-1024x683.jpg 1024w, https:\/\/www.szentimrekorhaz.hu\/wp-content\/uploads\/2025\/09\/IMG_8036-300x200.jpg 300w, https:\/\/www.szentimrekorhaz.hu\/wp-content\/uploads\/2025\/09\/IMG_8036-768x512.jpg 768w, https:\/\/www.szentimrekorhaz.hu\/wp-content\/uploads\/2025\/09\/IMG_8036-1536x1024.jpg 1536w, https:\/\/www.szentimrekorhaz.hu\/wp-content\/uploads\/2025\/09\/IMG_8036.jpg 1920w\" sizes=\"(max-width: 1024px) 100vw, 1024px\" \/><\/figure>\n\n\n\n<p>(Prof. Dr. Bedros J. R\u00f3bert a K\u00f3rh\u00e1z f\u0151igazgat\u00f3ja \u00e9s Prof. Dr. K\u00e1sler Mikl\u00f3s miniszter a \u201eK\u00f6sz\u00f6net a h\u0151s\u00f6knek\u201d d\u00edj \u00e1tad\u00f3 \u00fcnneps\u00e9g\u00e9n 2020-ban \/ Fot\u00f3: Zsolnai P\u00e9ter)<\/p>\n\n\n\n<p><\/p>\n\n\n\n<p>Mellett\u00fcnk \u00e1llt akkor is, amikor 2022-ben katasztr\u00f3fa s\u00fajtotta K\u00f3rh\u00e1zunkat. Az \u00e9v els\u0151 h\u00f3napj\u00e1nak v\u00e9g\u00e9n borzalmas t\u0171z puszt\u00edtott a S\u00fcrg\u0151ss\u00e9gi Betegell\u00e1t\u00f3 Oszt\u00e1lyunkon, amely komoly probl\u00e9m\u00e1t jelentett D\u00e9l-Buda lakosainak s\u00fcrg\u0151ss\u00e9gi ell\u00e1t\u00e1sa szempontj\u00e1b\u00f3l. Miniszterk\u00e9nt K\u00e1sler Mikl\u00f3s azonnal a seg\u00edts\u00e9g\u00fcnkre sietett: soron k\u00edv\u00fcli \u00e1llami t\u00e1mogat\u00e1st kezdem\u00e9nyezett K\u00f3rh\u00e1zunk r\u00e9sz\u00e9re, a k\u00f6zel f\u00e9lmilli\u00e1rd forintos seg\u00edts\u00e9get pedig hat\u00e9konyan mozg\u00f3s\u00edtotta, hogy a s\u00fcrg\u0151ss\u00e9gi betegell\u00e1t\u00e1s folytonoss\u00e1ga ne s\u00e9r\u00fclj\u00f6n.<\/p>\n\n\n\n<p>Ez a t\u00e1mogat\u00e1s nem puszt\u00e1n egy p\u00e9nz\u00f6sszeg volt, hanem \u00e9l\u0151 p\u00e9lda arra, mit jelent felel\u0151s vezet\u0151k\u00e9nt adni \u00e9s cselekedni \u2013 nem csak pap\u00edron, hanem a val\u00f3s\u00e1gban is. K\u00f3rh\u00e1zunk sz\u00e1m\u00e1ra ez a gesztus emberfeletti t\u00e1mogat\u00e1st jelentett, egy bar\u00e1t jelenl\u00e9t\u00e9t, amikor a legnagyobb sz\u00fcks\u00e9g volt r\u00e1.<\/p>\n\n\n\n<p>Ma, amikor b\u00facs\u00fazunk t\u0151le, elismer\u00e9ssel \u00e9s m\u00e9ly h\u00e1l\u00e1val tartozunk neki orvosk\u00e9nt \u00e9s emberk\u00e9nt is.<br>Professzor \u00far, miniszter \u00far! K\u00f6sz\u00f6nj\u00fck a szakmai p\u00e9ld\u00e1t, az emberi nagys\u00e1got, \u00e9s azt, hogy a D\u00e9l-budai Centrumk\u00f3rh\u00e1z Szent Imre Egyetemi Oktat\u00f3k\u00f3rh\u00e1znak nemcsak t\u00e1mogat\u00f3ja, de bar\u00e1tja is volt!<\/p>\n\n\n\n<p>Eml\u00e9k\u00e9t \u0151rizz\u00fck egy\u00fctt m\u00e9lt\u00f3s\u00e1ggal, h\u00e1l\u00e1val \u00e9s szeretettel.<\/p>\n\n\n\n<p><br>Nyugodj\u00e9k b\u00e9k\u00e9ben!<\/p>\n\n\n\n\t<div class=\"dkpdf-button-container\" style=\"            text-align:right \">\n\n\t\t<a class=\"dkpdf-button\" href=\"\/index.php\/wp-json\/wp\/v2\/posts\/2464?pdf=2464\" target=\"_blank\"><span class=\"dkpdf-button-icon\"><i class=\"fa fa-file-pdf-o\"><\/i><\/span> Let\u00f6lt\u00e9s<\/a>\n\n\t<\/div>\n\n\n\n\n\n","protected":false},"excerpt":{"rendered":"<p>M\u00e9ly f\u00e1jdalommal \u00e9rtes\u00fclt\u00fcnk arr\u00f3l, hogy szeptember 5-\u00e9n, \u00e9let\u00e9nek 76. \u00e9v\u00e9ben elhunyt Prof. Dr. K\u00e1sler Mikl\u00f3s onkol\u00f3gus, egyetemi tan\u00e1r, kor\u00e1bbi miniszter. A D\u00e9l-budai Centrumk\u00f3rh\u00e1z Szent Imre&hellip;<\/p>\n","protected":false},"author":31,"featured_media":2463,"comment_status":"closed","ping_status":"closed","sticky":false,"template":"","format":"standard","meta":{"_acf_changed":false,"_uag_custom_page_level_css":"","footnotes":""},"categories":[37,21],"tags":[78,76,74,75,77],"class_list":["post-2464","post","type-post","status-publish","format-standard","has-post-thumbnail","hentry","category-cimlaphirek","category-hirek","tag-bedros-j-robert","tag-bucsu","tag-kasler","tag-kasler-miklos","tag-szent-imre-korhaz"],"acf":[],"uagb_featured_image_src":{"full":["https:\/\/www.szentimrekorhaz.hu\/wp-content\/uploads\/2025\/09\/IMG_8036.jpg",1920,1280,false],"thumbnail":["https:\/\/www.szentimrekorhaz.hu\/wp-content\/uploads\/2025\/09\/IMG_8036-150x150.jpg",150,150,true],"medium":["https:\/\/www.szentimrekorhaz.hu\/wp-content\/uploads\/2025\/09\/IMG_8036-300x200.jpg",300,200,true],"medium_large":["https:\/\/www.szentimrekorhaz.hu\/wp-content\/uploads\/2025\/09\/IMG_8036-768x512.jpg",768,512,true],"large":["https:\/\/www.szentimrekorhaz.hu\/wp-content\/uploads\/2025\/09\/IMG_8036-1024x683.jpg",843,562,true],"1536x1536":["https:\/\/www.szentimrekorhaz.hu\/wp-content\/uploads\/2025\/09\/IMG_8036-1536x1024.jpg",1536,1024,true],"2048x2048":["https:\/\/www.szentimrekorhaz.hu\/wp-content\/uploads\/2025\/09\/IMG_8036.jpg",1920,1280,false],"410x410":["https:\/\/www.szentimrekorhaz.hu\/wp-content\/uploads\/2025\/09\/IMG_8036-410x410.jpg",410,410,true]},"uagb_author_info":{"display_name":"draviczkiakos","author_link":"https:\/\/www.szentimrekorhaz.hu\/index.php\/author\/draviczkiakos\/"},"uagb_comment_info":0,"uagb_excerpt":"M\u00e9ly f\u00e1jdalommal \u00e9rtes\u00fclt\u00fcnk arr\u00f3l, hogy szeptember 5-\u00e9n, \u00e9let\u00e9nek 76. \u00e9v\u00e9ben elhunyt Prof. Dr. K\u00e1sler Mikl\u00f3s onkol\u00f3gus, egyetemi tan\u00e1r, kor\u00e1bbi miniszter. A D\u00e9l-budai Centrumk\u00f3rh\u00e1z Szent Imre&hellip;","post_type":"post","author_name":"draviczkiakos","_links":{"self":[{"href":"https:\/\/www.szentimrekorhaz.hu\/index.php\/wp-json\/wp\/v2\/posts\/2464","targetHints":{"allow":["GET"]}}],"collection":[{"href":"https:\/\/www.szentimrekorhaz.hu\/index.php\/wp-json\/wp\/v2\/posts"}],"about":[{"href":"https:\/\/www.szentimrekorhaz.hu\/index.php\/wp-json\/wp\/v2\/types\/post"}],"author":[{"embeddable":true,"href":"https:\/\/www.szentimrekorhaz.hu\/index.php\/wp-json\/wp\/v2\/users\/31"}],"replies":[{"embeddable":true,"href":"https:\/\/www.szentimrekorhaz.hu\/index.php\/wp-json\/wp\/v2\/comments?post=2464"}],"version-history":[{"count":1,"href":"https:\/\/www.szentimrekorhaz.hu\/index.php\/wp-json\/wp\/v2\/posts\/2464\/revisions"}],"predecessor-version":[{"id":2465,"href":"https:\/\/www.szentimrekorhaz.hu\/index.php\/wp-json\/wp\/v2\/posts\/2464\/revisions\/2465"}],"wp:featuredmedia":[{"embeddable":true,"href":"https:\/\/www.szentimrekorhaz.hu\/index.php\/wp-json\/wp\/v2\/media\/2463"}],"wp:attachment":[{"href":"https:\/\/www.szentimrekorhaz.hu\/index.php\/wp-json\/wp\/v2\/media?parent=2464"}],"wp:term":[{"taxonomy":"category","embeddable":true,"href":"https:\/\/www.szentimrekorhaz.hu\/index.php\/wp-json\/wp\/v2\/categories?post=2464"},{"taxonomy":"post_tag","embeddable":true,"href":"https:\/\/www.szentimrekorhaz.hu\/index.php\/wp-json\/wp\/v2\/tags?post=2464"}],"curies":[{"name":"wp","href":"https:\/\/api.w.org\/{rel}","templated":true}]}}