{"id":3034,"date":"2025-10-21T11:16:03","date_gmt":"2025-10-21T09:16:03","guid":{"rendered":"https:\/\/www.szentimrekorhaz.hu\/?p=3034"},"modified":"2025-10-21T11:16:03","modified_gmt":"2025-10-21T09:16:03","slug":"az-elhizas-elleni-harc-csucstalalkozoja-jubileumi-kongresszust-tart-a-momot","status":"publish","type":"post","link":"https:\/\/www.szentimrekorhaz.hu\/index.php\/az-elhizas-elleni-harc-csucstalalkozoja-jubileumi-kongresszust-tart-a-momot\/","title":{"rendered":"Az elh\u00edz\u00e1s elleni harc cs\u00facstal\u00e1lkoz\u00f3ja \u2013 Jubileumi Kongresszust tart a MOMOT"},"content":{"rendered":"\n<p><strong>Kapu Tibor \u0171rhaj\u00f3s is r\u00e9szt vesz a Magyar Obezitol\u00f3giai \u00e9s Mozg\u00e1ster\u00e1pi\u00e1s T\u00e1rsas\u00e1g XX. Jubileumi Kongresszus\u00e1n.<\/strong><\/p>\n\n\n\n<p>Az elh\u00edz\u00e1s a 21. sz\u00e1zad egyik legs\u00falyosabb n\u00e9peg\u00e9szs\u00e9g\u00fcgyi kih\u00edv\u00e1sa. November 21\u201322-\u00e9n a Hilton Budapestben megrendezett MOMOT XX. Jubileumi Kongresszus a hazai \u00e9s nemzetk\u00f6zi szakmai k\u00f6z\u00f6ss\u00e9g legfontosabb f\u00f3ruma lesz, ahol orvosok, kutat\u00f3k, dietetikusok, gy\u00f3gytorn\u00e1szok \u00e9s d\u00f6nt\u00e9shoz\u00f3k egy\u00fctt keresik a megold\u00e1sokat a j\u00e1rv\u00e1nyszer\u0171en terjed\u0151 t\u00fals\u00faly \u00e9s elh\u00edz\u00e1s probl\u00e9m\u00e1j\u00e1ra.<\/p>\n\n\n\n<p>A k\u00e9tnapos szakmai esem\u00e9ny k\u00fcl\u00f6nleges vend\u00e9ge <strong>Kapu Tibor<\/strong> \u0171rhaj\u00f3s, aki egyedi n\u00e9z\u0151pontb\u00f3l besz\u00e9l majd a fizikai felk\u00e9sz\u00fcl\u00e9sr\u0151l, a test \u00e9s az elme kapcsolat\u00e1r\u00f3l, valamint az extr\u00e9m k\u00f6r\u00fclm\u00e9nyek hat\u00e1sair\u00f3l az emberi szervezetre.<\/p>\n\n\n\n<p><em>\u201eAz elh\u00edz\u00e1s kezel\u00e9se nemcsak orvosi, hanem t\u00e1rsadalmi \u00fcgy is \u2013 k\u00f6z\u00f6s felel\u0151ss\u00e9g\u00fcnk, hogy a prevenci\u00f3 \u00e9s az \u00e9letm\u00f3dv\u00e1lt\u00e1s \u00fczenete min\u00e9l t\u00f6bb emberhez eljusson\u201d<\/em> \u2013 hangs\u00falyozta <strong>Prof. Dr. Bedros J. R\u00f3bert<\/strong>, a MOMOT alap\u00edt\u00f3 eln\u00f6ke, a kongresszus eln\u00f6ke. <\/p>\n\n\n\n<p>A professzor 2007-ben ennek a felel\u0151ss\u00e9gnek a tudat\u00e1ban h\u00edvta \u00e9letre a T\u00e1rsas\u00e1got, emellett nev\u00e9hez f\u0171z\u0151dik az obezitol\u00f3giai-licenszvizsga, a hazai obezitol\u00f3gus-k\u00e9pz\u00e9s felt\u00e9telrendszere, tov\u00e1bb\u00e1 az orsz\u00e1gos obezitol\u00f3giai h\u00e1l\u00f3zat, valamint a P\u00e9csi Tudom\u00e1nyegyetem akkredit\u00e1ci\u00f3s keretei k\u00f6z\u00f6tt \u2013 a budapesti Szent Imre Egyetemi Oktat\u00f3k\u00f3rh\u00e1zban, mint kihelyezett helysz\u00ednen \u2013 az els\u0151 eur\u00f3pai Obezitol\u00f3giai Egyetemi Tansz\u00e9k \u00e9s a \u201eKlinikai obezitol\u00f3gia\u201d c\u00edm\u0171 szakmai tank\u00f6nyv is.<\/p>\n\n\n\n<p>A konferencia tudom\u00e1nyos programja t\u00f6bb mint k\u00e9t tucat el\u0151ad\u00e1st \u00e9s kerekasztalt tartalmaz: sz\u00f3 lesz a gyermekkori elh\u00edz\u00e1sr\u00f3l, az id\u0151skori saj\u00e1toss\u00e1gokr\u00f3l, a daganatos betegs\u00e9gek \u00e9s az elh\u00edz\u00e1s kapcsolat\u00e1r\u00f3l, valamint az elh\u00edzott betegek seb\u00e9szeti \u00e9s mozg\u00e1ster\u00e1pi\u00e1s ell\u00e1t\u00e1s\u00e1r\u00f3l is. A f\u00f3rum c\u00e9lja, hogy a tudom\u00e1nyos ismeretek gyakorlati ir\u00e1nyelvekk\u00e9 v\u00e1ljanak az orvosok \u00e9s a betegek mindennapjaiban.<\/p>\n\n\n\n<p><a><\/a>Az esem\u00e9ny f\u0151v\u00e9dn\u00f6ks\u00e9g\u00e9t <strong>Dr. Pint\u00e9r S\u00e1ndor<\/strong> bel\u00fcgyminiszter \u00e9s <strong>Schmitt P\u00e1l<\/strong> volt k\u00f6zt\u00e1rsas\u00e1gi eln\u00f6k v\u00e1llalt\u00e1k el, m\u00edg a v\u00e9dn\u00f6ki tisztet <strong>Prof. Dr. Merkely B\u00e9la<\/strong>, a Semmelweis Egyetem rektora, valamint <strong>Dr. R\u00e9v\u00e9sz J\u00e1nos<\/strong> orsz\u00e1gos k\u00f3rh\u00e1z-f\u0151igazgat\u00f3 t\u00f6ltik be.<\/p>\n\n\n\n<p>A szakmai f\u00f3rum els\u0151 napj\u00e1t \u00fcnnepi g\u00e1laest z\u00e1rja, ahol \u00e1tadj\u00e1k az \u201eEg\u00e9szs\u00e9ges \u00c9let\u00e9rt\u201d MOMOT-d\u00edjakat, majd <strong>M\u00e1ga Zolt\u00e1n<\/strong> heged\u0171m\u0171v\u00e9sz koncertje koron\u00e1zza meg az esem\u00e9nyt.<\/p>\n\n\n\n<p><strong>Id\u0151pont \u00e9s helysz\u00edn: <\/strong>2025. november 21\u201322. \u2013 Hilton Budapest Hotel (1014 Budapest, Hess Andr\u00e1s t\u00e9r 1\u20133.)<\/p>\n\n\n\n<p><strong>R\u00e9szletes program \u00e9s jelentkez\u00e9s: <\/strong><a href=\"https:\/\/momot.hu\/hirek.aspx?nid=138303&amp;web_id\"><strong>https:\/\/momot.hu\/hirek.aspx?nid=138303&amp;web_id<\/strong><\/a><strong>=<\/strong><\/p>\n\n\n\n\t<div class=\"dkpdf-button-container\" style=\"            text-align:right \">\n\n\t\t<a class=\"dkpdf-button\" href=\"\/index.php\/wp-json\/wp\/v2\/posts\/3034?pdf=3034\" target=\"_blank\"><span class=\"dkpdf-button-icon\"><i class=\"fa fa-file-pdf-o\"><\/i><\/span> Let\u00f6lt\u00e9s<\/a>\n\n\t<\/div>\n\n\n\n\n\n","protected":false},"excerpt":{"rendered":"<p>Kapu Tibor \u0171rhaj\u00f3s is r\u00e9szt vesz a Magyar Obezitol\u00f3giai \u00e9s Mozg\u00e1ster\u00e1pi\u00e1s T\u00e1rsas\u00e1g XX. Jubileumi Kongresszus\u00e1n. Az elh\u00edz\u00e1s a 21. sz\u00e1zad egyik legs\u00falyosabb n\u00e9peg\u00e9szs\u00e9g\u00fcgyi kih\u00edv\u00e1sa. November&hellip;<\/p>\n","protected":false},"author":31,"featured_media":3032,"comment_status":"closed","ping_status":"closed","sticky":false,"template":"","format":"standard","meta":{"_acf_changed":false,"_uag_custom_page_level_css":"","footnotes":""},"categories":[37,21],"tags":[78,88,86],"class_list":["post-3034","post","type-post","status-publish","format-standard","has-post-thumbnail","hentry","category-cimlaphirek","category-hirek","tag-bedros-j-robert","tag-magyar-obezitologiai-es-mozgasterpapias-tarsasag","tag-momot"],"acf":[],"uagb_featured_image_src":{"full":["https:\/\/www.szentimrekorhaz.hu\/wp-content\/uploads\/2025\/10\/hilton_budapest_var.jpg",1000,750,false],"thumbnail":["https:\/\/www.szentimrekorhaz.hu\/wp-content\/uploads\/2025\/10\/hilton_budapest_var-150x150.jpg",150,150,true],"medium":["https:\/\/www.szentimrekorhaz.hu\/wp-content\/uploads\/2025\/10\/hilton_budapest_var-300x225.jpg",300,225,true],"medium_large":["https:\/\/www.szentimrekorhaz.hu\/wp-content\/uploads\/2025\/10\/hilton_budapest_var-768x576.jpg",768,576,true],"large":["https:\/\/www.szentimrekorhaz.hu\/wp-content\/uploads\/2025\/10\/hilton_budapest_var.jpg",843,632,false],"1536x1536":["https:\/\/www.szentimrekorhaz.hu\/wp-content\/uploads\/2025\/10\/hilton_budapest_var.jpg",1000,750,false],"2048x2048":["https:\/\/www.szentimrekorhaz.hu\/wp-content\/uploads\/2025\/10\/hilton_budapest_var.jpg",1000,750,false],"410x410":["https:\/\/www.szentimrekorhaz.hu\/wp-content\/uploads\/2025\/10\/hilton_budapest_var-410x410.jpg",410,410,true]},"uagb_author_info":{"display_name":"draviczkiakos","author_link":"https:\/\/www.szentimrekorhaz.hu\/index.php\/author\/draviczkiakos\/"},"uagb_comment_info":0,"uagb_excerpt":"Kapu Tibor \u0171rhaj\u00f3s is r\u00e9szt vesz a Magyar Obezitol\u00f3giai \u00e9s Mozg\u00e1ster\u00e1pi\u00e1s T\u00e1rsas\u00e1g XX. Jubileumi Kongresszus\u00e1n. Az elh\u00edz\u00e1s a 21. sz\u00e1zad egyik legs\u00falyosabb n\u00e9peg\u00e9szs\u00e9g\u00fcgyi kih\u00edv\u00e1sa. November&hellip;","post_type":"post","author_name":"draviczkiakos","_links":{"self":[{"href":"https:\/\/www.szentimrekorhaz.hu\/index.php\/wp-json\/wp\/v2\/posts\/3034","targetHints":{"allow":["GET"]}}],"collection":[{"href":"https:\/\/www.szentimrekorhaz.hu\/index.php\/wp-json\/wp\/v2\/posts"}],"about":[{"href":"https:\/\/www.szentimrekorhaz.hu\/index.php\/wp-json\/wp\/v2\/types\/post"}],"author":[{"embeddable":true,"href":"https:\/\/www.szentimrekorhaz.hu\/index.php\/wp-json\/wp\/v2\/users\/31"}],"replies":[{"embeddable":true,"href":"https:\/\/www.szentimrekorhaz.hu\/index.php\/wp-json\/wp\/v2\/comments?post=3034"}],"version-history":[{"count":1,"href":"https:\/\/www.szentimrekorhaz.hu\/index.php\/wp-json\/wp\/v2\/posts\/3034\/revisions"}],"predecessor-version":[{"id":3035,"href":"https:\/\/www.szentimrekorhaz.hu\/index.php\/wp-json\/wp\/v2\/posts\/3034\/revisions\/3035"}],"wp:featuredmedia":[{"embeddable":true,"href":"https:\/\/www.szentimrekorhaz.hu\/index.php\/wp-json\/wp\/v2\/media\/3032"}],"wp:attachment":[{"href":"https:\/\/www.szentimrekorhaz.hu\/index.php\/wp-json\/wp\/v2\/media?parent=3034"}],"wp:term":[{"taxonomy":"category","embeddable":true,"href":"https:\/\/www.szentimrekorhaz.hu\/index.php\/wp-json\/wp\/v2\/categories?post=3034"},{"taxonomy":"post_tag","embeddable":true,"href":"https:\/\/www.szentimrekorhaz.hu\/index.php\/wp-json\/wp\/v2\/tags?post=3034"}],"curies":[{"name":"wp","href":"https:\/\/api.w.org\/{rel}","templated":true}]}}