{"id":3036,"date":"2025-10-22T11:52:36","date_gmt":"2025-10-22T09:52:36","guid":{"rendered":"https:\/\/www.szentimrekorhaz.hu\/?p=3036"},"modified":"2025-10-22T11:52:36","modified_gmt":"2025-10-22T09:52:36","slug":"megemlekezes-az-1956-os-forradalom-es-szabadsagharc-evfordulojan","status":"publish","type":"post","link":"https:\/\/www.szentimrekorhaz.hu\/index.php\/megemlekezes-az-1956-os-forradalom-es-szabadsagharc-evfordulojan\/","title":{"rendered":"Megeml\u00e9kez\u00e9s az 1956-os forradalom \u00e9s szabads\u00e1gharc \u00e9vfordul\u00f3j\u00e1n"},"content":{"rendered":"\n<p><strong>2025. okt\u00f3ber 22-\u00e9n a D\u00e9l-budai Centrumk\u00f3rh\u00e1z \u2013 Szent Imre Egyetemi Oktat\u00f3k\u00f3rh\u00e1z udvar\u00e1n tartottuk meg az 1956-os forradalom \u00e9s szabads\u00e1gharc 69. \u00e9vfordul\u00f3ja alkalm\u00e1b\u00f3l rendezett \u00fcnnepi megeml\u00e9kez\u00e9st.<\/strong><\/p>\n\n\n\n<p>Az esem\u00e9nyen a k\u00f3rh\u00e1z vezet\u00e9se \u00e9s munkat\u00e1rsai mellett sz\u00e1mos megh\u00edvott vend\u00e9g is jelen volt, akik egy\u00fctt r\u00f3tt\u00e1k le tisztelet\u00fcket a h\u0151s\u00f6k el\u0151tt. A Himnusz \u00e9s az \u00fcnnep\u00e9lyes k\u00f6sz\u00f6nt\u0151 ut\u00e1n a k\u00f3rh\u00e1z nev\u00e9ben <strong>Dr. Alf\u00f6ldi S\u00e1ndor Ph.D<\/strong>, int\u00e9zm\u00e9ny\u00fcnk f\u0151orvosa mondott \u00fcnnepi besz\u00e9det. Szavai nyom\u00e1n mindannyian \u00e9rezhett\u00fck, hogy az 1956-os h\u0151s\u00f6k p\u00e9ld\u00e1ja ma is arra tan\u00edt benn\u00fcnket, hogy az emberi m\u00e9lt\u00f3s\u00e1g \u00e9s a szabads\u00e1g ir\u00e1nti v\u00e1gy soha nem lehet elnyomhat\u00f3.<\/p>\n\n\n\n<p>A megeml\u00e9kez\u00e9st k\u00fcl\u00f6nlegess\u00e9 tette a Teleki Blanka \u00c1ltal\u00e1nos Iskola 4. C oszt\u00e1lyos tanul\u00f3i<strong>, Simon J\u00falia <\/strong>\u00e9s<strong> S\u00e1ndor Veronika<\/strong> \u00e1ltal el\u0151adott p\u00e1rbesz\u00e9des vers, amely gyermekekhez ill\u0151en, m\u00e9gis komolyan dolgozta fel az 56-os forradalom \u00e9s szabads\u00e1gharc t\u00e9m\u00e1j\u00e1t. <\/p>\n\n\n\n<p>Megtisztelte \u00fcnneps\u00e9g\u00fcnket \u00e9s koszor\u00fat helyezett el a K\u00f3rh\u00e1z udvar\u00e1n \u00e1ll\u00f3 eml\u00e9kt\u00e1bl\u00e1n\u00e1l a XI. ker\u00fclet, \u00dajbuda \u00d6nkorm\u00e1nyzata nev\u00e9ben <strong>Dr. L\u00e1szl\u00f3 Imre<\/strong> polg\u00e1rmester \u00far \u00e9s <strong>Dr. B\u00e1cs M\u00e1rton<\/strong> alpolg\u00e1rmester \u00far, illetve az 56-os Sz\u00f6vets\u00e9g, a Magyar Politikai Foglyok Sz\u00f6vets\u00e9ge, a Szent Krist\u00f3f Szakrendel\u0151 \u00e9s a K\u00e1ldor Adolf Szakrendel\u0151 k\u00e9pvisel\u0151i, valamint a Teleki Blanka \u00c1ltal\u00e1nos Iskola 4.C oszt\u00e1lya.<\/p>\n\n\n\n<p>A koszor\u00faz\u00e1si cerem\u00f3ni\u00e1n k\u00f3rh\u00e1zunk r\u00e9sz\u00e9r\u0151l <strong>Prof.<\/strong> <strong>Dr. Bedros J. R\u00f3bert<\/strong> f\u0151igazgat\u00f3 \u00far, <strong>Dr. M\u00e1t\u00e9 Mikl\u00f3s Ph.D <\/strong>orvosigazgat\u00f3-helyettes \u00far, <strong>Kurucz M\u00e1ria <\/strong>\u00e1pol\u00e1si igazgat\u00f3 asszony \u00e9s <strong>F\u00e9legyh\u00e1zi-T\u00f6r\u00f6k Csab\u00e1n\u00e9<\/strong> megb\u00edzott gazdas\u00e1gi igazgat\u00f3 asszony hajtottak fejet a forradalom h\u0151sei el\u0151tt.<\/p>\n\n\n\n<p>A m\u00e9lt\u00f3s\u00e1gteljes megeml\u00e9kez\u00e9s a Sz\u00f3zat k\u00f6z\u00f6s el\u00e9nekl\u00e9s\u00e9vel z\u00e1rult, k\u00f6z\u00f6ss\u00e9g\u00fcnk tagjai \u00edgy ad\u00f3ztak egy\u00fctt a szabads\u00e1g\u00e9rt \u00e9let\u00fcket \u00e9s j\u00f6v\u0151j\u00fcket \u00e1ldoz\u00f3 h\u0151s\u00f6k eml\u00e9k\u00e9nek.<\/p>\n\n\n\n<figure class=\"wp-block-gallery has-nested-images columns-default is-cropped wp-block-gallery-1 is-layout-flex wp-block-gallery-is-layout-flex\">\n<figure class=\"wp-block-image size-large\"><img decoding=\"async\" width=\"768\" height=\"1024\" data-id=\"3043\" src=\"https:\/\/www.szentimrekorhaz.hu\/wp-content\/uploads\/2025\/10\/IMG_3573-768x1024.jpg\" alt=\"\" class=\"wp-image-3043\" srcset=\"https:\/\/www.szentimrekorhaz.hu\/wp-content\/uploads\/2025\/10\/IMG_3573-768x1024.jpg 768w, https:\/\/www.szentimrekorhaz.hu\/wp-content\/uploads\/2025\/10\/IMG_3573-225x300.jpg 225w, https:\/\/www.szentimrekorhaz.hu\/wp-content\/uploads\/2025\/10\/IMG_3573-1152x1536.jpg 1152w, https:\/\/www.szentimrekorhaz.hu\/wp-content\/uploads\/2025\/10\/IMG_3573-1536x2048.jpg 1536w, https:\/\/www.szentimrekorhaz.hu\/wp-content\/uploads\/2025\/10\/IMG_3573-scaled.jpg 1920w\" sizes=\"(max-width: 768px) 100vw, 768px\" \/><\/figure>\n\n\n\n<figure class=\"wp-block-image size-large\"><img decoding=\"async\" width=\"768\" height=\"1024\" data-id=\"3040\" src=\"https:\/\/www.szentimrekorhaz.hu\/wp-content\/uploads\/2025\/10\/IMG_3575-768x1024.jpg\" alt=\"\" class=\"wp-image-3040\" srcset=\"https:\/\/www.szentimrekorhaz.hu\/wp-content\/uploads\/2025\/10\/IMG_3575-768x1024.jpg 768w, https:\/\/www.szentimrekorhaz.hu\/wp-content\/uploads\/2025\/10\/IMG_3575-225x300.jpg 225w, https:\/\/www.szentimrekorhaz.hu\/wp-content\/uploads\/2025\/10\/IMG_3575-1152x1536.jpg 1152w, https:\/\/www.szentimrekorhaz.hu\/wp-content\/uploads\/2025\/10\/IMG_3575-1536x2048.jpg 1536w, https:\/\/www.szentimrekorhaz.hu\/wp-content\/uploads\/2025\/10\/IMG_3575-scaled.jpg 1920w\" sizes=\"(max-width: 768px) 100vw, 768px\" \/><\/figure>\n\n\n\n<figure class=\"wp-block-image size-large\"><img decoding=\"async\" width=\"768\" height=\"1024\" data-id=\"3046\" src=\"https:\/\/www.szentimrekorhaz.hu\/wp-content\/uploads\/2025\/10\/IMG_3578-768x1024.jpg\" alt=\"\" class=\"wp-image-3046\" srcset=\"https:\/\/www.szentimrekorhaz.hu\/wp-content\/uploads\/2025\/10\/IMG_3578-768x1024.jpg 768w, https:\/\/www.szentimrekorhaz.hu\/wp-content\/uploads\/2025\/10\/IMG_3578-225x300.jpg 225w, https:\/\/www.szentimrekorhaz.hu\/wp-content\/uploads\/2025\/10\/IMG_3578-1152x1536.jpg 1152w, https:\/\/www.szentimrekorhaz.hu\/wp-content\/uploads\/2025\/10\/IMG_3578-1536x2048.jpg 1536w, https:\/\/www.szentimrekorhaz.hu\/wp-content\/uploads\/2025\/10\/IMG_3578-scaled.jpg 1920w\" sizes=\"(max-width: 768px) 100vw, 768px\" \/><\/figure>\n\n\n\n<figure class=\"wp-block-image size-large\"><img decoding=\"async\" width=\"1024\" height=\"768\" data-id=\"3044\" src=\"https:\/\/www.szentimrekorhaz.hu\/wp-content\/uploads\/2025\/10\/IMG_3584-1024x768.jpg\" alt=\"\" class=\"wp-image-3044\" srcset=\"https:\/\/www.szentimrekorhaz.hu\/wp-content\/uploads\/2025\/10\/IMG_3584-1024x768.jpg 1024w, https:\/\/www.szentimrekorhaz.hu\/wp-content\/uploads\/2025\/10\/IMG_3584-300x225.jpg 300w, https:\/\/www.szentimrekorhaz.hu\/wp-content\/uploads\/2025\/10\/IMG_3584-768x576.jpg 768w, https:\/\/www.szentimrekorhaz.hu\/wp-content\/uploads\/2025\/10\/IMG_3584-1536x1152.jpg 1536w, https:\/\/www.szentimrekorhaz.hu\/wp-content\/uploads\/2025\/10\/IMG_3584-2048x1536.jpg 2048w\" sizes=\"(max-width: 1024px) 100vw, 1024px\" \/><\/figure>\n\n\n\n<figure class=\"wp-block-image size-large\"><img decoding=\"async\" width=\"1024\" height=\"768\" data-id=\"3042\" src=\"https:\/\/www.szentimrekorhaz.hu\/wp-content\/uploads\/2025\/10\/IMG_3588-1024x768.jpg\" alt=\"\" class=\"wp-image-3042\" srcset=\"https:\/\/www.szentimrekorhaz.hu\/wp-content\/uploads\/2025\/10\/IMG_3588-1024x768.jpg 1024w, https:\/\/www.szentimrekorhaz.hu\/wp-content\/uploads\/2025\/10\/IMG_3588-300x225.jpg 300w, https:\/\/www.szentimrekorhaz.hu\/wp-content\/uploads\/2025\/10\/IMG_3588-768x576.jpg 768w, https:\/\/www.szentimrekorhaz.hu\/wp-content\/uploads\/2025\/10\/IMG_3588-1536x1152.jpg 1536w, https:\/\/www.szentimrekorhaz.hu\/wp-content\/uploads\/2025\/10\/IMG_3588-2048x1536.jpg 2048w\" sizes=\"(max-width: 1024px) 100vw, 1024px\" \/><\/figure>\n\n\n\n<figure class=\"wp-block-image size-large\"><img decoding=\"async\" width=\"1024\" height=\"768\" data-id=\"3041\" src=\"https:\/\/www.szentimrekorhaz.hu\/wp-content\/uploads\/2025\/10\/IMG_3591-1024x768.jpg\" alt=\"\" class=\"wp-image-3041\" srcset=\"https:\/\/www.szentimrekorhaz.hu\/wp-content\/uploads\/2025\/10\/IMG_3591-1024x768.jpg 1024w, https:\/\/www.szentimrekorhaz.hu\/wp-content\/uploads\/2025\/10\/IMG_3591-300x225.jpg 300w, https:\/\/www.szentimrekorhaz.hu\/wp-content\/uploads\/2025\/10\/IMG_3591-768x576.jpg 768w, https:\/\/www.szentimrekorhaz.hu\/wp-content\/uploads\/2025\/10\/IMG_3591-1536x1152.jpg 1536w, https:\/\/www.szentimrekorhaz.hu\/wp-content\/uploads\/2025\/10\/IMG_3591-2048x1536.jpg 2048w\" sizes=\"(max-width: 1024px) 100vw, 1024px\" \/><\/figure>\n\n\n\n<figure class=\"wp-block-image size-large\"><img decoding=\"async\" width=\"1024\" height=\"768\" data-id=\"3050\" src=\"https:\/\/www.szentimrekorhaz.hu\/wp-content\/uploads\/2025\/10\/IMG_3592-1024x768.jpg\" alt=\"\" class=\"wp-image-3050\" srcset=\"https:\/\/www.szentimrekorhaz.hu\/wp-content\/uploads\/2025\/10\/IMG_3592-1024x768.jpg 1024w, https:\/\/www.szentimrekorhaz.hu\/wp-content\/uploads\/2025\/10\/IMG_3592-300x225.jpg 300w, https:\/\/www.szentimrekorhaz.hu\/wp-content\/uploads\/2025\/10\/IMG_3592-768x576.jpg 768w, https:\/\/www.szentimrekorhaz.hu\/wp-content\/uploads\/2025\/10\/IMG_3592-1536x1152.jpg 1536w, https:\/\/www.szentimrekorhaz.hu\/wp-content\/uploads\/2025\/10\/IMG_3592-2048x1536.jpg 2048w\" sizes=\"(max-width: 1024px) 100vw, 1024px\" \/><\/figure>\n\n\n\n<figure class=\"wp-block-image size-large\"><img decoding=\"async\" width=\"701\" height=\"1024\" data-id=\"3045\" src=\"https:\/\/www.szentimrekorhaz.hu\/wp-content\/uploads\/2025\/10\/IMG_3594-701x1024.jpg\" alt=\"\" class=\"wp-image-3045\" srcset=\"https:\/\/www.szentimrekorhaz.hu\/wp-content\/uploads\/2025\/10\/IMG_3594-701x1024.jpg 701w, https:\/\/www.szentimrekorhaz.hu\/wp-content\/uploads\/2025\/10\/IMG_3594-205x300.jpg 205w, https:\/\/www.szentimrekorhaz.hu\/wp-content\/uploads\/2025\/10\/IMG_3594-768x1121.jpg 768w, https:\/\/www.szentimrekorhaz.hu\/wp-content\/uploads\/2025\/10\/IMG_3594-1052x1536.jpg 1052w, https:\/\/www.szentimrekorhaz.hu\/wp-content\/uploads\/2025\/10\/IMG_3594-1403x2048.jpg 1403w, https:\/\/www.szentimrekorhaz.hu\/wp-content\/uploads\/2025\/10\/IMG_3594-scaled.jpg 1753w\" sizes=\"(max-width: 701px) 100vw, 701px\" \/><\/figure>\n\n\n\n<figure class=\"wp-block-image size-large\"><img decoding=\"async\" width=\"599\" height=\"1024\" data-id=\"3047\" src=\"https:\/\/www.szentimrekorhaz.hu\/wp-content\/uploads\/2025\/10\/IMG_3599-599x1024.jpg\" alt=\"\" class=\"wp-image-3047\" srcset=\"https:\/\/www.szentimrekorhaz.hu\/wp-content\/uploads\/2025\/10\/IMG_3599-599x1024.jpg 599w, https:\/\/www.szentimrekorhaz.hu\/wp-content\/uploads\/2025\/10\/IMG_3599-176x300.jpg 176w, https:\/\/www.szentimrekorhaz.hu\/wp-content\/uploads\/2025\/10\/IMG_3599-768x1312.jpg 768w, https:\/\/www.szentimrekorhaz.hu\/wp-content\/uploads\/2025\/10\/IMG_3599-899x1536.jpg 899w, https:\/\/www.szentimrekorhaz.hu\/wp-content\/uploads\/2025\/10\/IMG_3599-1199x2048.jpg 1199w, https:\/\/www.szentimrekorhaz.hu\/wp-content\/uploads\/2025\/10\/IMG_3599-scaled.jpg 1498w\" sizes=\"(max-width: 599px) 100vw, 599px\" \/><\/figure>\n\n\n\n<figure class=\"wp-block-image size-large\"><img decoding=\"async\" width=\"768\" height=\"1024\" data-id=\"3052\" src=\"https:\/\/www.szentimrekorhaz.hu\/wp-content\/uploads\/2025\/10\/IMG_3601-768x1024.jpg\" alt=\"\" class=\"wp-image-3052\" srcset=\"https:\/\/www.szentimrekorhaz.hu\/wp-content\/uploads\/2025\/10\/IMG_3601-768x1024.jpg 768w, https:\/\/www.szentimrekorhaz.hu\/wp-content\/uploads\/2025\/10\/IMG_3601-225x300.jpg 225w, https:\/\/www.szentimrekorhaz.hu\/wp-content\/uploads\/2025\/10\/IMG_3601-1152x1536.jpg 1152w, https:\/\/www.szentimrekorhaz.hu\/wp-content\/uploads\/2025\/10\/IMG_3601-1536x2048.jpg 1536w, https:\/\/www.szentimrekorhaz.hu\/wp-content\/uploads\/2025\/10\/IMG_3601-scaled.jpg 1920w\" sizes=\"(max-width: 768px) 100vw, 768px\" \/><\/figure>\n\n\n\n<figure class=\"wp-block-image size-large\"><img decoding=\"async\" width=\"1024\" height=\"946\" data-id=\"3048\" src=\"https:\/\/www.szentimrekorhaz.hu\/wp-content\/uploads\/2025\/10\/IMG_3603-1024x946.jpg\" alt=\"\" class=\"wp-image-3048\" srcset=\"https:\/\/www.szentimrekorhaz.hu\/wp-content\/uploads\/2025\/10\/IMG_3603-1024x946.jpg 1024w, https:\/\/www.szentimrekorhaz.hu\/wp-content\/uploads\/2025\/10\/IMG_3603-300x277.jpg 300w, https:\/\/www.szentimrekorhaz.hu\/wp-content\/uploads\/2025\/10\/IMG_3603-768x709.jpg 768w, https:\/\/www.szentimrekorhaz.hu\/wp-content\/uploads\/2025\/10\/IMG_3603-1536x1419.jpg 1536w, https:\/\/www.szentimrekorhaz.hu\/wp-content\/uploads\/2025\/10\/IMG_3603-2048x1892.jpg 2048w\" sizes=\"(max-width: 1024px) 100vw, 1024px\" \/><\/figure>\n\n\n\n<figure class=\"wp-block-image size-large\"><img decoding=\"async\" width=\"1024\" height=\"614\" data-id=\"3049\" src=\"https:\/\/www.szentimrekorhaz.hu\/wp-content\/uploads\/2025\/10\/IMG_3607-1024x614.jpg\" alt=\"\" class=\"wp-image-3049\" srcset=\"https:\/\/www.szentimrekorhaz.hu\/wp-content\/uploads\/2025\/10\/IMG_3607-1024x614.jpg 1024w, https:\/\/www.szentimrekorhaz.hu\/wp-content\/uploads\/2025\/10\/IMG_3607-300x180.jpg 300w, https:\/\/www.szentimrekorhaz.hu\/wp-content\/uploads\/2025\/10\/IMG_3607-768x461.jpg 768w, https:\/\/www.szentimrekorhaz.hu\/wp-content\/uploads\/2025\/10\/IMG_3607-1536x921.jpg 1536w, https:\/\/www.szentimrekorhaz.hu\/wp-content\/uploads\/2025\/10\/IMG_3607-2048x1228.jpg 2048w\" sizes=\"(max-width: 1024px) 100vw, 1024px\" \/><\/figure>\n\n\n\n<figure class=\"wp-block-image size-large\"><img decoding=\"async\" width=\"1024\" height=\"586\" data-id=\"3051\" src=\"https:\/\/www.szentimrekorhaz.hu\/wp-content\/uploads\/2025\/10\/IMG_3610-1024x586.jpg\" alt=\"\" class=\"wp-image-3051\" srcset=\"https:\/\/www.szentimrekorhaz.hu\/wp-content\/uploads\/2025\/10\/IMG_3610-1024x586.jpg 1024w, https:\/\/www.szentimrekorhaz.hu\/wp-content\/uploads\/2025\/10\/IMG_3610-300x172.jpg 300w, https:\/\/www.szentimrekorhaz.hu\/wp-content\/uploads\/2025\/10\/IMG_3610-768x440.jpg 768w, https:\/\/www.szentimrekorhaz.hu\/wp-content\/uploads\/2025\/10\/IMG_3610-1536x880.jpg 1536w, https:\/\/www.szentimrekorhaz.hu\/wp-content\/uploads\/2025\/10\/IMG_3610-2048x1173.jpg 2048w\" sizes=\"(max-width: 1024px) 100vw, 1024px\" \/><\/figure>\n\n\n\n<figure class=\"wp-block-image size-large\"><img decoding=\"async\" width=\"835\" height=\"1024\" data-id=\"3053\" src=\"https:\/\/www.szentimrekorhaz.hu\/wp-content\/uploads\/2025\/10\/IMG_3612-835x1024.jpg\" alt=\"\" class=\"wp-image-3053\" srcset=\"https:\/\/www.szentimrekorhaz.hu\/wp-content\/uploads\/2025\/10\/IMG_3612-835x1024.jpg 835w, https:\/\/www.szentimrekorhaz.hu\/wp-content\/uploads\/2025\/10\/IMG_3612-245x300.jpg 245w, https:\/\/www.szentimrekorhaz.hu\/wp-content\/uploads\/2025\/10\/IMG_3612-768x942.jpg 768w, https:\/\/www.szentimrekorhaz.hu\/wp-content\/uploads\/2025\/10\/IMG_3612-1253x1536.jpg 1253w, https:\/\/www.szentimrekorhaz.hu\/wp-content\/uploads\/2025\/10\/IMG_3612-1670x2048.jpg 1670w\" sizes=\"(max-width: 835px) 100vw, 835px\" \/><\/figure>\n<\/figure>\n\n\n\n\t<div class=\"dkpdf-button-container\" style=\"            text-align:right \">\n\n\t\t<a class=\"dkpdf-button\" href=\"\/index.php\/wp-json\/wp\/v2\/posts\/3036?pdf=3036\" target=\"_blank\"><span class=\"dkpdf-button-icon\"><i class=\"fa fa-file-pdf-o\"><\/i><\/span> Let\u00f6lt\u00e9s<\/a>\n\n\t<\/div>\n\n\n\n\n\n","protected":false},"excerpt":{"rendered":"<p>2025. okt\u00f3ber 22-\u00e9n a D\u00e9l-budai Centrumk\u00f3rh\u00e1z \u2013 Szent Imre Egyetemi Oktat\u00f3k\u00f3rh\u00e1z udvar\u00e1n tartottuk meg az 1956-os forradalom \u00e9s szabads\u00e1gharc 69. \u00e9vfordul\u00f3ja alkalm\u00e1b\u00f3l rendezett \u00fcnnepi megeml\u00e9kez\u00e9st.&hellip;<\/p>\n","protected":false},"author":31,"featured_media":3053,"comment_status":"closed","ping_status":"closed","sticky":false,"template":"","format":"standard","meta":{"_acf_changed":false,"_uag_custom_page_level_css":"","footnotes":""},"categories":[37,1,21],"tags":[89,77,90],"class_list":["post-3036","post","type-post","status-publish","format-standard","has-post-thumbnail","hentry","category-cimlaphirek","category-egyeb","category-hirek","tag-oktober-23","tag-szent-imre-korhaz","tag-unnepely"],"acf":[],"uagb_featured_image_src":{"full":["https:\/\/www.szentimrekorhaz.hu\/wp-content\/uploads\/2025\/10\/IMG_3612-scaled.jpg",2088,2560,false],"thumbnail":["https:\/\/www.szentimrekorhaz.hu\/wp-content\/uploads\/2025\/10\/IMG_3612-150x150.jpg",150,150,true],"medium":["https:\/\/www.szentimrekorhaz.hu\/wp-content\/uploads\/2025\/10\/IMG_3612-245x300.jpg",245,300,true],"medium_large":["https:\/\/www.szentimrekorhaz.hu\/wp-content\/uploads\/2025\/10\/IMG_3612-768x942.jpg",768,942,true],"large":["https:\/\/www.szentimrekorhaz.hu\/wp-content\/uploads\/2025\/10\/IMG_3612-835x1024.jpg",835,1024,true],"1536x1536":["https:\/\/www.szentimrekorhaz.hu\/wp-content\/uploads\/2025\/10\/IMG_3612-1253x1536.jpg",1253,1536,true],"2048x2048":["https:\/\/www.szentimrekorhaz.hu\/wp-content\/uploads\/2025\/10\/IMG_3612-1670x2048.jpg",1670,2048,true],"410x410":["https:\/\/www.szentimrekorhaz.hu\/wp-content\/uploads\/2025\/10\/IMG_3612-410x410.jpg",410,410,true]},"uagb_author_info":{"display_name":"draviczkiakos","author_link":"https:\/\/www.szentimrekorhaz.hu\/index.php\/author\/draviczkiakos\/"},"uagb_comment_info":0,"uagb_excerpt":"2025. okt\u00f3ber 22-\u00e9n a D\u00e9l-budai Centrumk\u00f3rh\u00e1z \u2013 Szent Imre Egyetemi Oktat\u00f3k\u00f3rh\u00e1z udvar\u00e1n tartottuk meg az 1956-os forradalom \u00e9s szabads\u00e1gharc 69. \u00e9vfordul\u00f3ja alkalm\u00e1b\u00f3l rendezett \u00fcnnepi megeml\u00e9kez\u00e9st.&hellip;","post_type":"post","author_name":"draviczkiakos","_links":{"self":[{"href":"https:\/\/www.szentimrekorhaz.hu\/index.php\/wp-json\/wp\/v2\/posts\/3036","targetHints":{"allow":["GET"]}}],"collection":[{"href":"https:\/\/www.szentimrekorhaz.hu\/index.php\/wp-json\/wp\/v2\/posts"}],"about":[{"href":"https:\/\/www.szentimrekorhaz.hu\/index.php\/wp-json\/wp\/v2\/types\/post"}],"author":[{"embeddable":true,"href":"https:\/\/www.szentimrekorhaz.hu\/index.php\/wp-json\/wp\/v2\/users\/31"}],"replies":[{"embeddable":true,"href":"https:\/\/www.szentimrekorhaz.hu\/index.php\/wp-json\/wp\/v2\/comments?post=3036"}],"version-history":[{"count":3,"href":"https:\/\/www.szentimrekorhaz.hu\/index.php\/wp-json\/wp\/v2\/posts\/3036\/revisions"}],"predecessor-version":[{"id":3054,"href":"https:\/\/www.szentimrekorhaz.hu\/index.php\/wp-json\/wp\/v2\/posts\/3036\/revisions\/3054"}],"wp:featuredmedia":[{"embeddable":true,"href":"https:\/\/www.szentimrekorhaz.hu\/index.php\/wp-json\/wp\/v2\/media\/3053"}],"wp:attachment":[{"href":"https:\/\/www.szentimrekorhaz.hu\/index.php\/wp-json\/wp\/v2\/media?parent=3036"}],"wp:term":[{"taxonomy":"category","embeddable":true,"href":"https:\/\/www.szentimrekorhaz.hu\/index.php\/wp-json\/wp\/v2\/categories?post=3036"},{"taxonomy":"post_tag","embeddable":true,"href":"https:\/\/www.szentimrekorhaz.hu\/index.php\/wp-json\/wp\/v2\/tags?post=3036"}],"curies":[{"name":"wp","href":"https:\/\/api.w.org\/{rel}","templated":true}]}}