{"id":3055,"date":"2025-10-22T15:58:29","date_gmt":"2025-10-22T13:58:29","guid":{"rendered":"https:\/\/www.szentimrekorhaz.hu\/?p=3055"},"modified":"2025-10-22T16:03:08","modified_gmt":"2025-10-22T14:03:08","slug":"tisztelt-betegeink","status":"publish","type":"post","link":"https:\/\/www.szentimrekorhaz.hu\/index.php\/tisztelt-betegeink\/","title":{"rendered":"Tisztelt Betegeink!"},"content":{"rendered":"\n<p>Okt\u00f3ber 23-\u00e1n (cs\u00fct\u00f6rt\u00f6k\u00f6n) a nemzeti \u00fcnnepen, valamint az azt k\u00f6vet\u0151 napon, okt\u00f3ber 24-\u00e9n (p\u00e9nteken) K\u00f3rh\u00e1zunkban a j\u00e1r\u00f3beteg rendel\u00e9s \u00e9s az id\u0151pont el\u0151jegyz\u00e9s sz\u00fcnetel.<\/p>\n\n\n\n<p>H\u00e9tf\u0151t\u0151l a megszokott rendben v\u00e1rjuk \u00d6n\u00f6ket.<\/p>\n\n\n\n<p>Meg\u00e9rt\u00e9s\u00fcket k\u00f6sz\u00f6nj\u00fck!<\/p>\n\n\n\n<p>J\u00f3 eg\u00e9szs\u00e9get k\u00edv\u00e1nunk!<\/p>\n\n\n\n\t<div class=\"dkpdf-button-container\" style=\"            text-align:right \">\n\n\t\t<a class=\"dkpdf-button\" href=\"\/index.php\/wp-json\/wp\/v2\/posts\/3055?pdf=3055\" target=\"_blank\"><span class=\"dkpdf-button-icon\"><i class=\"fa fa-file-pdf-o\"><\/i><\/span> Let\u00f6lt\u00e9s<\/a>\n\n\t<\/div>\n\n\n\n\n\n","protected":false},"excerpt":{"rendered":"<p>Okt\u00f3ber 23-\u00e1n (cs\u00fct\u00f6rt\u00f6k\u00f6n) a nemzeti \u00fcnnepen, valamint az azt k\u00f6vet\u0151 napon, okt\u00f3ber 24-\u00e9n (p\u00e9nteken) K\u00f3rh\u00e1zunkban a j\u00e1r\u00f3beteg rendel\u00e9s \u00e9s az id\u0151pont el\u0151jegyz\u00e9s sz\u00fcnetel. H\u00e9tf\u0151t\u0151l a&hellip;<\/p>\n","protected":false},"author":26,"featured_media":3063,"comment_status":"closed","ping_status":"closed","sticky":false,"template":"","format":"standard","meta":{"_acf_changed":false,"_uag_custom_page_level_css":"","footnotes":""},"categories":[37,21],"tags":[89],"class_list":["post-3055","post","type-post","status-publish","format-standard","has-post-thumbnail","hentry","category-cimlaphirek","category-hirek","tag-oktober-23"],"acf":[],"uagb_featured_image_src":{"full":["https:\/\/www.szentimrekorhaz.hu\/wp-content\/uploads\/2025\/10\/OKT_23_JO.jpg",940,940,false],"thumbnail":["https:\/\/www.szentimrekorhaz.hu\/wp-content\/uploads\/2025\/10\/OKT_23_JO-150x150.jpg",150,150,true],"medium":["https:\/\/www.szentimrekorhaz.hu\/wp-content\/uploads\/2025\/10\/OKT_23_JO-300x300.jpg",300,300,true],"medium_large":["https:\/\/www.szentimrekorhaz.hu\/wp-content\/uploads\/2025\/10\/OKT_23_JO-768x768.jpg",768,768,true],"large":["https:\/\/www.szentimrekorhaz.hu\/wp-content\/uploads\/2025\/10\/OKT_23_JO.jpg",843,843,false],"1536x1536":["https:\/\/www.szentimrekorhaz.hu\/wp-content\/uploads\/2025\/10\/OKT_23_JO.jpg",940,940,false],"2048x2048":["https:\/\/www.szentimrekorhaz.hu\/wp-content\/uploads\/2025\/10\/OKT_23_JO.jpg",940,940,false],"410x410":["https:\/\/www.szentimrekorhaz.hu\/wp-content\/uploads\/2025\/10\/OKT_23_JO-410x410.jpg",410,410,true]},"uagb_author_info":{"display_name":"Dar\u00e1zs \u00c1gnes","author_link":"https:\/\/www.szentimrekorhaz.hu\/index.php\/author\/darazsa\/"},"uagb_comment_info":0,"uagb_excerpt":"Okt\u00f3ber 23-\u00e1n (cs\u00fct\u00f6rt\u00f6k\u00f6n) a nemzeti \u00fcnnepen, valamint az azt k\u00f6vet\u0151 napon, okt\u00f3ber 24-\u00e9n (p\u00e9nteken) K\u00f3rh\u00e1zunkban a j\u00e1r\u00f3beteg rendel\u00e9s \u00e9s az id\u0151pont el\u0151jegyz\u00e9s sz\u00fcnetel. H\u00e9tf\u0151t\u0151l a&hellip;","post_type":"post","author_name":"Dar\u00e1zs \u00c1gnes","_links":{"self":[{"href":"https:\/\/www.szentimrekorhaz.hu\/index.php\/wp-json\/wp\/v2\/posts\/3055","targetHints":{"allow":["GET"]}}],"collection":[{"href":"https:\/\/www.szentimrekorhaz.hu\/index.php\/wp-json\/wp\/v2\/posts"}],"about":[{"href":"https:\/\/www.szentimrekorhaz.hu\/index.php\/wp-json\/wp\/v2\/types\/post"}],"author":[{"embeddable":true,"href":"https:\/\/www.szentimrekorhaz.hu\/index.php\/wp-json\/wp\/v2\/users\/26"}],"replies":[{"embeddable":true,"href":"https:\/\/www.szentimrekorhaz.hu\/index.php\/wp-json\/wp\/v2\/comments?post=3055"}],"version-history":[{"count":2,"href":"https:\/\/www.szentimrekorhaz.hu\/index.php\/wp-json\/wp\/v2\/posts\/3055\/revisions"}],"predecessor-version":[{"id":3060,"href":"https:\/\/www.szentimrekorhaz.hu\/index.php\/wp-json\/wp\/v2\/posts\/3055\/revisions\/3060"}],"wp:featuredmedia":[{"embeddable":true,"href":"https:\/\/www.szentimrekorhaz.hu\/index.php\/wp-json\/wp\/v2\/media\/3063"}],"wp:attachment":[{"href":"https:\/\/www.szentimrekorhaz.hu\/index.php\/wp-json\/wp\/v2\/media?parent=3055"}],"wp:term":[{"taxonomy":"category","embeddable":true,"href":"https:\/\/www.szentimrekorhaz.hu\/index.php\/wp-json\/wp\/v2\/categories?post=3055"},{"taxonomy":"post_tag","embeddable":true,"href":"https:\/\/www.szentimrekorhaz.hu\/index.php\/wp-json\/wp\/v2\/tags?post=3055"}],"curies":[{"name":"wp","href":"https:\/\/api.w.org\/{rel}","templated":true}]}}