{"id":3067,"date":"2025-10-27T09:59:01","date_gmt":"2025-10-27T08:59:01","guid":{"rendered":"https:\/\/www.szentimrekorhaz.hu\/?p=3067"},"modified":"2025-10-27T09:59:02","modified_gmt":"2025-10-27T08:59:02","slug":"diszpolgari-cimmel-tuntettek-ki-foigazgatonkat","status":"publish","type":"post","link":"https:\/\/www.szentimrekorhaz.hu\/index.php\/diszpolgari-cimmel-tuntettek-ki-foigazgatonkat\/","title":{"rendered":"D\u00edszpolg\u00e1ri c\u00edmmel t\u00fcntett\u00e9k ki f\u0151igazgat\u00f3nkat"},"content":{"rendered":"\n<p><strong>A Pest megyei kemence K\u00f6zs\u00e9g d\u00edszpolg\u00e1r\u00e1v\u00e1 avatta Prof. Dr. Bedros J. R\u00f3bert f\u0151igazgat\u00f3 urat a telep\u00fcl\u00e9s\u00e9rt v\u00e9gzett \u00f6nzetlen \u00e9s f\u00e1radhatatlan tev\u00e9kenys\u00e9g\u00e9\u00e9rt. A c\u00edmet nem csak k\u00f3rh\u00e1zunk vezet\u0151je, de n\u00e9hai \u00e9desapja, a k\u00f6zs\u00e9g egykori polg\u00e1rmestere is megkapta posztumusz.<\/strong><\/p>\n\n\n\n<p>2025. okt\u00f3ber 22-\u00e9n \u00fcnnep\u00e9lyes keretek k\u00f6z\u00f6tt adt\u00e1k \u00e1t a Pest megyei Kemence K\u00f6zs\u00e9g d\u00edszpolg\u00e1ri c\u00edmeit. F\u0151igazgat\u00f3nk a B\u00f6rzs\u00f6ny l\u00e1b\u00e1n\u00e1l fekv\u0151 telep\u00fcl\u00e9sen sz\u00fcletett, \u00e9s mind \u0151, mind pedig csal\u00e1dja sokat tett a k\u00f6zel 900 f\u0151s falu lak\u00f3i\u00e9rt.<\/p>\n\n\n\n<p>A k\u00f6zs\u00e9g \u00f6nkorm\u00e1nyzata Bedros professzornak a telep\u00fcl\u00e9st 1999-ben s\u00fajt\u00f3, borzalmas vill\u00e1m\u00e1rv\u00edz idej\u00e9n tett rendk\u00edv\u00fcli er\u0151fesz\u00edt\u00e9seit emelte ki, amelyek a lakoss\u00e1g \u00e9let\u00e9nek \u00e9s a falu vagyon\u00e1nak megment\u00e9s\u00e9t szolg\u00e1lt\u00e1k, valamint a k\u00e1rosultak megseg\u00edt\u00e9s\u00e9re l\u00e9trehozott \u201eMents\u00fck meg Kemenc\u00e9t!\u201d Alap\u00edtv\u00e1ny l\u00e9trehoz\u00e1s\u00e1t.<\/p>\n\n\n\n<p>Prof. Dr. Bedros J. R\u00f3bert 1999-ben \u2013 a BM K\u00f3rh\u00e1z f\u0151igazgat\u00f3jak\u00e9nt \u2013 a katasztr\u00f3fa h\u00edr\u00e9re a ment\u00e9si munk\u00e1latok \u00e9l\u00e9re \u00e1llt, \u00e9s minden k\u00f6vet megmozgatva helikoptereket mozg\u00f3s\u00edtott a h\u00e1zakba bet\u00f6r\u0151 v\u00edz el\u0151l a padl\u00e1sokra menek\u00fclt emberek megment\u00e9s\u00e9re.<\/p>\n\n\n\n<figure class=\"wp-block-image size-large\"><img decoding=\"async\" width=\"1024\" height=\"678\" src=\"https:\/\/www.szentimrekorhaz.hu\/wp-content\/uploads\/2025\/10\/DP_Prof_Dr_Bedros_J_Robert-1024x678.jpg\" alt=\"\" class=\"wp-image-3071\" srcset=\"https:\/\/www.szentimrekorhaz.hu\/wp-content\/uploads\/2025\/10\/DP_Prof_Dr_Bedros_J_Robert-1024x678.jpg 1024w, https:\/\/www.szentimrekorhaz.hu\/wp-content\/uploads\/2025\/10\/DP_Prof_Dr_Bedros_J_Robert-300x199.jpg 300w, https:\/\/www.szentimrekorhaz.hu\/wp-content\/uploads\/2025\/10\/DP_Prof_Dr_Bedros_J_Robert-768x509.jpg 768w, https:\/\/www.szentimrekorhaz.hu\/wp-content\/uploads\/2025\/10\/DP_Prof_Dr_Bedros_J_Robert-1536x1018.jpg 1536w, https:\/\/www.szentimrekorhaz.hu\/wp-content\/uploads\/2025\/10\/DP_Prof_Dr_Bedros_J_Robert.jpg 1600w\" sizes=\"(max-width: 1024px) 100vw, 1024px\" \/><\/figure>\n\n\n\n<p>Az \u00e1r ut\u00e1n maradt borzalmas \u00e1llapotok miel\u0151bbi rendez\u00e9s\u00e9re l\u00e9trehozott j\u00f3t\u00e9konys\u00e1gi szervezetet f\u0151igazgat\u00f3nk \u00e9desapj\u00e1val, Bedros J\u00e1nossal k\u00f6z\u00f6sen alap\u00edtotta, akinek posztumusz d\u00edszpolg\u00e1ri c\u00edmmel \u00e1ll\u00edtottak m\u00e9lt\u00f3 eml\u00e9ket. Bedros \u00far nem csak, hogy szint\u00e9n mindent elk\u00f6vetett az 1999-es term\u00e9szeti katasztr\u00f3fa \u00e1ltal okozott k\u00e1rok enyh\u00edt\u00e9se \u00e9rdek\u00e9ben, de kor\u00e1bban polg\u00e1rmesterk\u00e9nt korm\u00e1nyozta a falut, v\u00e1llalkoz\u00f3k\u00e9nt pedig sz\u00e1mos helyinek teremtett \u00e9vtizedeken kereszt\u00fcl meg\u00e9lhet\u00e9si lehet\u0151s\u00e9get. Kemence sors\u00e1t mindig is a sz\u00edv\u00e9n viselte, adom\u00e1ny\u00e1nak k\u00f6sz\u00f6nhet\u0151en \u00fajulhatott meg a falu temploma is.<\/p>\n\n\n\n<figure class=\"wp-block-image size-large\"><img decoding=\"async\" width=\"1024\" height=\"678\" src=\"https:\/\/www.szentimrekorhaz.hu\/wp-content\/uploads\/2025\/10\/DP_Bedros_Janos-1024x678.jpg\" alt=\"\" class=\"wp-image-3072\" srcset=\"https:\/\/www.szentimrekorhaz.hu\/wp-content\/uploads\/2025\/10\/DP_Bedros_Janos-1024x678.jpg 1024w, https:\/\/www.szentimrekorhaz.hu\/wp-content\/uploads\/2025\/10\/DP_Bedros_Janos-300x199.jpg 300w, https:\/\/www.szentimrekorhaz.hu\/wp-content\/uploads\/2025\/10\/DP_Bedros_Janos-768x509.jpg 768w, https:\/\/www.szentimrekorhaz.hu\/wp-content\/uploads\/2025\/10\/DP_Bedros_Janos-1536x1018.jpg 1536w, https:\/\/www.szentimrekorhaz.hu\/wp-content\/uploads\/2025\/10\/DP_Bedros_Janos.jpg 1600w\" sizes=\"(max-width: 1024px) 100vw, 1024px\" \/><\/figure>\n\n\n\n<p><strong>A TV2 T\u00e9nyek c\u00edm\u0171 m\u0171sor\u00e1nak tud\u00f3s\u00edt\u00e1s\u00e1t az elismer\u00e9sr\u0151l az al\u00e1bbi gombra kattintva n\u00e9zheti meg:<\/strong><\/p>\n\n\n\n<div class=\"wp-block-buttons is-layout-flex wp-block-buttons-is-layout-flex\">\n<div class=\"wp-block-button\"><a class=\"wp-block-button__link wp-element-button\" href=\"https:\/\/tenyek.hu\/video\/diszpolgari-cimet-kapott-a-foigazgato\"><strong>MEGN\u00c9ZEM!<\/strong><\/a><\/div>\n<\/div>\n\n\n\n<p><\/p>\n\n\n\n\t<div class=\"dkpdf-button-container\" style=\"            text-align:right \">\n\n\t\t<a class=\"dkpdf-button\" href=\"\/index.php\/wp-json\/wp\/v2\/posts\/3067?pdf=3067\" target=\"_blank\"><span class=\"dkpdf-button-icon\"><i class=\"fa fa-file-pdf-o\"><\/i><\/span> Let\u00f6lt\u00e9s<\/a>\n\n\t<\/div>\n\n\n\n\n\n","protected":false},"excerpt":{"rendered":"<p>A Pest megyei kemence K\u00f6zs\u00e9g d\u00edszpolg\u00e1r\u00e1v\u00e1 avatta Prof. Dr. Bedros J. R\u00f3bert f\u0151igazgat\u00f3 urat a telep\u00fcl\u00e9s\u00e9rt v\u00e9gzett \u00f6nzetlen \u00e9s f\u00e1radhatatlan tev\u00e9kenys\u00e9g\u00e9\u00e9rt. A c\u00edmet nem csak&hellip;<\/p>\n","protected":false},"author":31,"featured_media":3073,"comment_status":"closed","ping_status":"closed","sticky":false,"template":"","format":"standard","meta":{"_acf_changed":false,"_uag_custom_page_level_css":"","footnotes":""},"categories":[37,1,21],"tags":[78,91,77],"class_list":["post-3067","post","type-post","status-publish","format-standard","has-post-thumbnail","hentry","category-cimlaphirek","category-egyeb","category-hirek","tag-bedros-j-robert","tag-diszpolgar","tag-szent-imre-korhaz"],"acf":[],"uagb_featured_image_src":{"full":["https:\/\/www.szentimrekorhaz.hu\/wp-content\/uploads\/2025\/10\/DP_erem.jpg",1600,1060,false],"thumbnail":["https:\/\/www.szentimrekorhaz.hu\/wp-content\/uploads\/2025\/10\/DP_erem-150x150.jpg",150,150,true],"medium":["https:\/\/www.szentimrekorhaz.hu\/wp-content\/uploads\/2025\/10\/DP_erem-300x199.jpg",300,199,true],"medium_large":["https:\/\/www.szentimrekorhaz.hu\/wp-content\/uploads\/2025\/10\/DP_erem-768x509.jpg",768,509,true],"large":["https:\/\/www.szentimrekorhaz.hu\/wp-content\/uploads\/2025\/10\/DP_erem-1024x678.jpg",843,558,true],"1536x1536":["https:\/\/www.szentimrekorhaz.hu\/wp-content\/uploads\/2025\/10\/DP_erem-1536x1018.jpg",1536,1018,true],"2048x2048":["https:\/\/www.szentimrekorhaz.hu\/wp-content\/uploads\/2025\/10\/DP_erem.jpg",1600,1060,false],"410x410":["https:\/\/www.szentimrekorhaz.hu\/wp-content\/uploads\/2025\/10\/DP_erem-410x410.jpg",410,410,true]},"uagb_author_info":{"display_name":"draviczkiakos","author_link":"https:\/\/www.szentimrekorhaz.hu\/index.php\/author\/draviczkiakos\/"},"uagb_comment_info":0,"uagb_excerpt":"A Pest megyei kemence K\u00f6zs\u00e9g d\u00edszpolg\u00e1r\u00e1v\u00e1 avatta Prof. Dr. Bedros J. R\u00f3bert f\u0151igazgat\u00f3 urat a telep\u00fcl\u00e9s\u00e9rt v\u00e9gzett \u00f6nzetlen \u00e9s f\u00e1radhatatlan tev\u00e9kenys\u00e9g\u00e9\u00e9rt. A c\u00edmet nem csak&hellip;","post_type":"post","author_name":"draviczkiakos","_links":{"self":[{"href":"https:\/\/www.szentimrekorhaz.hu\/index.php\/wp-json\/wp\/v2\/posts\/3067","targetHints":{"allow":["GET"]}}],"collection":[{"href":"https:\/\/www.szentimrekorhaz.hu\/index.php\/wp-json\/wp\/v2\/posts"}],"about":[{"href":"https:\/\/www.szentimrekorhaz.hu\/index.php\/wp-json\/wp\/v2\/types\/post"}],"author":[{"embeddable":true,"href":"https:\/\/www.szentimrekorhaz.hu\/index.php\/wp-json\/wp\/v2\/users\/31"}],"replies":[{"embeddable":true,"href":"https:\/\/www.szentimrekorhaz.hu\/index.php\/wp-json\/wp\/v2\/comments?post=3067"}],"version-history":[{"count":5,"href":"https:\/\/www.szentimrekorhaz.hu\/index.php\/wp-json\/wp\/v2\/posts\/3067\/revisions"}],"predecessor-version":[{"id":3075,"href":"https:\/\/www.szentimrekorhaz.hu\/index.php\/wp-json\/wp\/v2\/posts\/3067\/revisions\/3075"}],"wp:featuredmedia":[{"embeddable":true,"href":"https:\/\/www.szentimrekorhaz.hu\/index.php\/wp-json\/wp\/v2\/media\/3073"}],"wp:attachment":[{"href":"https:\/\/www.szentimrekorhaz.hu\/index.php\/wp-json\/wp\/v2\/media?parent=3067"}],"wp:term":[{"taxonomy":"category","embeddable":true,"href":"https:\/\/www.szentimrekorhaz.hu\/index.php\/wp-json\/wp\/v2\/categories?post=3067"},{"taxonomy":"post_tag","embeddable":true,"href":"https:\/\/www.szentimrekorhaz.hu\/index.php\/wp-json\/wp\/v2\/tags?post=3067"}],"curies":[{"name":"wp","href":"https:\/\/api.w.org\/{rel}","templated":true}]}}