{"id":3371,"date":"2025-12-04T12:47:00","date_gmt":"2025-12-04T11:47:00","guid":{"rendered":"https:\/\/www.szentimrekorhaz.hu\/?p=3371"},"modified":"2025-12-05T10:52:34","modified_gmt":"2025-12-05T09:52:34","slug":"hozzon-egy-szivecsket-es-tegye-boldogabba-egy-beteg-karacsonyat","status":"publish","type":"post","link":"https:\/\/www.szentimrekorhaz.hu\/index.php\/hozzon-egy-szivecsket-es-tegye-boldogabba-egy-beteg-karacsonyat\/","title":{"rendered":"Hozzon egy sz\u00edvecsk\u00e9t \u00e9s tegye boldogabb\u00e1 egy beteg kar\u00e1csony\u00e1t!"},"content":{"rendered":"\n<p><strong>Kedves Ismeretlen Ismer\u0151s\u00f6k \u00e9s Eg\u00e9szs\u00e9g\u00fcgyet Tisztel\u0151k!<\/strong><\/p>\n\n\n\n<p>\u00d6n is hisz abban, hogy a szeretet gy\u00f3gy\u00edt\u00f3 er\u0151vel b\u00edr? J\u00f3 sz\u00edvvel gondol a Szent Imre K\u00f3rh\u00e1zra \u00e9s szeretne egy kedves gesztussal hozz\u00e1j\u00e1rulni a kar\u00e1csonykor itt fekv\u0151 Betegek gy\u00f3gyul\u00e1s\u00e1hoz? \u00d6nnek egy apr\u00f3s\u00e1g, m\u00e1snak egy vil\u00e1got, rem\u00e9nyt, egy lelki \u00f6lel\u00e9st jelenthet. Most itt a lehet\u0151s\u00e9g, hogy mosolyt csaljon valakinek az arc\u00e1ra, aki a csal\u00e1dj\u00e1t\u00f3l t\u00e1vol t\u00f6lti a kar\u00e1csonyt!<\/p>\n\n\n\n<p>A Szent Imre K\u00f3rh\u00e1z Prof. Dr. Bedros J. R\u00f3bert f\u0151igazgat\u00f3 \u00f6tlet\u00e9b\u0151l elind\u00edtja Magyarorsz\u00e1g els\u0151 kar\u00e1csonyi \u201eSz\u00edvecskegy\u0171jt\u0151 Szeretetl\u00e1da\u201d akci\u00f3j\u00e1t!<\/p>\n\n\n\n<p><strong>*Hogyan seg\u00edthet?<\/strong><\/p>\n\n\n\n<p>Rajzoljon egy kedves sz\u00edvecsk\u00e9t, amelyben benne van a j\u00f3k\u00edv\u00e1ns\u00e1ga, ezzel pedig a rem\u00e9ny \u00e9s az emberi t\u00f6r\u0151d\u00e9s! \u00d6nnek csak n\u00e9h\u00e1ny k\u00e9zmozdulat, de valakinek igazi kar\u00e1csonyi csoda lehet! Seg\u00edtsen abban, hogy december 19-\u00e9n minden bent fekv\u0151 Beteg\u00fcnk kapjon egy sz\u00edvecsk\u00e9t, illetve egy kedves, sz\u00edvb\u0151l j\u00f6v\u0151 \u00fczenetet kar\u00e1csonyra! J\u00f6jj\u00f6n el a k\u00f3rh\u00e1zba \u00e9s dobja be rajz\u00e1t a f\u0151\u00e9p\u00fclet aul\u00e1j\u00e1ban tal\u00e1lhat\u00f3 Sz\u00edvecskegy\u0171jt\u0151 Szeretetdobozba.<\/p>\n\n\n\n<figure class=\"wp-block-image size-large\"><img decoding=\"async\" src=\"https:\/\/www.szentimrekorhaz.hu\/wp-content\/uploads\/2025\/12\/20251204_104502-473x1024.jpg\" alt=\"Sz\u00edvecskegy\u0171jt\u0151 Szeretetl\u00e1da a Szent Imre K\u00f3rh\u00e1z aul\u00e1j\u00e1ban. Arany sz\u00edn\u0171 doboz, rajta h\u00f3pelyhek, \u00e9s pirossal a Sz\u00edvecskegy\u0171jt\u0151 felirat.\" class=\"wp-image-3372\"><\/figure>\n\n\n\n<p>Szeretn\u00e9nk egyes\u00edteni az orsz\u00e1got a szeretet jegy\u00e9ben! \u00cdgy nem csak ell\u00e1t\u00e1si ter\u00fclet\u00fcnkr\u0151l, de az eg\u00e9sz orsz\u00e1gb\u00f3l v\u00e1rjuk a Sz\u00edvecsk\u00e9ket. Ha k\u00f3rh\u00e1zunk fel\u00e9 j\u00e1r \u00e1tutaz\u00f3ban, vagy a boltba menet \u00fatba es\u00fcnk, k\u00e9rj\u00fck, gondoljon a Betegekre, t\u00e9rjen be hozz\u00e1nk, \u00e9s hagyjon itt egy sz\u00edvecsk\u00e9t.<\/p>\n\n\n\n<p>A Bedros J. R\u00f3bert f\u0151igazgat\u00f3 \u00far \u00e1ltal vallott elv \u2013 \u201eMeg kell fogni a Beteg kez\u00e9t!\u201d \u2013 most m\u00e9g nagyobb teret kap! Ezekkel a sz\u00edvecsk\u00e9kkel az eg\u00e9sz orsz\u00e1g \u2013 \u00edgy \u00d6n is \u2013 megfoghatja egy-egy Beteg kez\u00e9t!<img decoding=\"async\" height=\"16\" width=\"16\" alt=\"\ud83e\udd1d\" src=\"https:\/\/static.xx.fbcdn.net\/images\/emoji.php\/v9\/t64\/1\/16\/1f91d.png\"><\/p>\n\n\n\n<p><strong>*Aj\u00e1nd\u00e9k \u00e9s Elismer\u00e9s<\/strong><\/p>\n\n\n\n<p>Aki mosolyt csal egy r\u00e1szorul\u00f3 arc\u00e1ra, az elismer\u00e9st \u00e9rdemel!<\/p>\n\n\n\n<p>Ez\u00e9rt azok k\u00f6z\u00f6tt, akik a sz\u00edv mell\u00e9 egy k\u00fcl\u00f6n pap\u00edron bedobj\u00e1k a l\u00e1d\u00e1ba nev\u00fcket \u00e9s telefonsz\u00e1mukat, kisorsolunk egy val\u00f3di sz\u00ednez\u00fcst \u201eSzent Imre Oktat\u00f3k\u00f3rh\u00e1z Eml\u00e9k\u00e9rmet\u201d, tov\u00e1bb\u00e1 egy \u201eK\u00f6sz\u00f6net A H\u0151s\u00f6knek\u201d eml\u00e9k\u00e9rmet, f\u0151igazgat\u00f3nk k\u00fcl\u00f6n felaj\u00e1nl\u00e1s\u00e1t.<\/p>\n\n\n\n<p>Ez az elismer\u00e9s eredetileg a COVID-j\u00e1rv\u00e1ny els\u0151 hull\u00e1ma ut\u00e1n j\u00f6tt l\u00e9tre Prof. Dr. Bedros J. R\u00f3bert kezdem\u00e9nyez\u00e9s\u00e9re. F\u0151igazgat\u00f3nk a d\u00edjat az eg\u00e9szs\u00e9g\u00fcgy h\u00e9tk\u00f6znapi h\u0151seinek elismer\u00e9s\u00e9re alap\u00edtotta.<\/p>\n\n\n\n<p><strong>*Fontos d\u00e1tum<\/strong><\/p>\n\n\n\n<p>Hat\u00e1rid\u0151: <strong>December 19. (p\u00e9ntek)<\/strong> \u2013 Eddig v\u00e1rjuk a sz\u00edvecsk\u00e9ket Magyarorsz\u00e1g els\u0151 Sz\u00edvecskegy\u0171jt\u0151 Szeretetl\u00e1d\u00e1j\u00e1ba a f\u0151\u00e9p\u00fclet aul\u00e1j\u00e1ban!<\/p>\n\n\n\n<p>Ezut\u00e1n a sz\u00edv\u00fcnk meleg\u00e9t sz\u00e9tosztjuk az oszt\u00e1lyok k\u00f6z\u00f6tt.<\/p>\n\n\n\n<p>Rajzoljon \u00e9s hozzon egy sz\u00edvecsk\u00e9t, az orsz\u00e1g b\u00e1rmely ter\u00fclet\u00e9r\u0151l \u00e9s fogja meg most \u00d6n is az egyed\u00fcl kar\u00e1csonyoz\u00f3 Betegeink kez\u00e9t!<\/p>\n\n\n\n<p><strong>Id\u0151sek \u00e9s fiatalok, mutassuk meg mindenkinek a szeretet erej\u00e9t!<\/strong><\/p>\n\n\n\n<p>Csaljon egy gy\u00f3gy\u00edt\u00f3, \u00f6r\u00f6mteli mosolyt a Betegek arc\u00e1ra!<img decoding=\"async\" height=\"16\" width=\"16\" alt=\"\ud83d\ude0a\" src=\"https:\/\/static.xx.fbcdn.net\/images\/emoji.php\/v9\/t7f\/1\/16\/1f60a.png\"><\/p>\n\n\n\n\t<div class=\"dkpdf-button-container\" style=\"            text-align:right \">\n\n\t\t<a class=\"dkpdf-button\" href=\"\/index.php\/wp-json\/wp\/v2\/posts\/3371?pdf=3371\" target=\"_blank\"><span class=\"dkpdf-button-icon\"><i class=\"fa fa-file-pdf-o\"><\/i><\/span> Let\u00f6lt\u00e9s<\/a>\n\n\t<\/div>\n\n\n\n\n\n","protected":false},"excerpt":{"rendered":"<p>Kedves Ismeretlen Ismer\u0151s\u00f6k \u00e9s Eg\u00e9szs\u00e9g\u00fcgyet Tisztel\u0151k! \u00d6n is hisz abban, hogy a szeretet gy\u00f3gy\u00edt\u00f3 er\u0151vel b\u00edr? J\u00f3 sz\u00edvvel gondol a Szent Imre K\u00f3rh\u00e1zra \u00e9s szeretne&hellip;<\/p>\n","protected":false},"author":31,"featured_media":3372,"comment_status":"closed","ping_status":"closed","sticky":false,"template":"","format":"standard","meta":{"_acf_changed":false,"_uag_custom_page_level_css":"","footnotes":""},"categories":[37,21],"tags":[78,92,77,93],"class_list":["post-3371","post","type-post","status-publish","format-standard","has-post-thumbnail","hentry","category-cimlaphirek","category-hirek","tag-bedros-j-robert","tag-karacsony","tag-szent-imre-korhaz","tag-szivecskegyujto-szeretetlada"],"acf":[],"yoast_head":"<!-- This site is optimized with the Yoast SEO plugin v28.2 - https:\/\/yoast.com\/product\/yoast-seo-wordpress\/ -->\n<title>Hozzon egy sz\u00edvecsk\u00e9t \u00e9s tegye boldogabb\u00e1 egy beteg kar\u00e1csony\u00e1t! - D\u00e9l-budai Centrumk\u00f3rh\u00e1z<\/title>\n<meta name=\"robots\" content=\"index, follow, max-snippet:-1, max-image-preview:large, max-video-preview:-1\" \/>\n<link rel=\"canonical\" href=\"https:\/\/www.szentimrekorhaz.hu\/index.php\/hozzon-egy-szivecsket-es-tegye-boldogabba-egy-beteg-karacsonyat\/\" \/>\n<meta property=\"og:locale\" content=\"hu_HU\" \/>\n<meta property=\"og:type\" content=\"article\" \/>\n<meta property=\"og:title\" content=\"Hozzon egy sz\u00edvecsk\u00e9t \u00e9s tegye boldogabb\u00e1 egy beteg kar\u00e1csony\u00e1t! - D\u00e9l-budai Centrumk\u00f3rh\u00e1z\" \/>\n<meta property=\"og:description\" content=\"Kedves Ismeretlen Ismer\u0151s\u00f6k \u00e9s Eg\u00e9szs\u00e9g\u00fcgyet Tisztel\u0151k! \u00d6n is hisz abban, hogy a szeretet gy\u00f3gy\u00edt\u00f3 er\u0151vel b\u00edr? J\u00f3 sz\u00edvvel gondol a Szent Imre K\u00f3rh\u00e1zra \u00e9s szeretne&hellip;\" \/>\n<meta property=\"og:url\" content=\"https:\/\/www.szentimrekorhaz.hu\/index.php\/hozzon-egy-szivecsket-es-tegye-boldogabba-egy-beteg-karacsonyat\/\" \/>\n<meta property=\"og:site_name\" content=\"D\u00e9l-budai Centrumk\u00f3rh\u00e1z\" \/>\n<meta property=\"article:publisher\" content=\"https:\/\/www.facebook.com\/szentimrekorhaz\" \/>\n<meta property=\"article:published_time\" content=\"2025-12-04T11:47:00+00:00\" \/>\n<meta property=\"article:modified_time\" content=\"2025-12-05T09:52:34+00:00\" \/>\n<meta property=\"og:image\" content=\"https:\/\/www.szentimrekorhaz.hu\/wp-content\/uploads\/2025\/12\/20251204_104502-scaled-e1764928279769.jpg\" \/>\n\t<meta property=\"og:image:width\" content=\"1182\" \/>\n\t<meta property=\"og:image:height\" content=\"1216\" \/>\n\t<meta property=\"og:image:type\" content=\"image\/jpeg\" \/>\n<meta name=\"author\" content=\"draviczkiakos\" \/>\n<meta name=\"twitter:card\" content=\"summary_large_image\" \/>\n<meta name=\"twitter:label1\" content=\"Written by\" \/>\n\t<meta name=\"twitter:data1\" content=\"draviczkiakos\" \/>\n\t<meta name=\"twitter:label2\" content=\"Est. reading time\" \/>\n\t<meta name=\"twitter:data2\" content=\"3 perc\" \/>\n<script type=\"application\/ld+json\" class=\"yoast-schema-graph\">{\"@context\":\"https:\\\/\\\/schema.org\",\"@graph\":[{\"@type\":\"Article\",\"@id\":\"https:\\\/\\\/www.szentimrekorhaz.hu\\\/index.php\\\/hozzon-egy-szivecsket-es-tegye-boldogabba-egy-beteg-karacsonyat\\\/#article\",\"isPartOf\":{\"@id\":\"https:\\\/\\\/www.szentimrekorhaz.hu\\\/index.php\\\/hozzon-egy-szivecsket-es-tegye-boldogabba-egy-beteg-karacsonyat\\\/\"},\"author\":{\"name\":\"draviczkiakos\",\"@id\":\"https:\\\/\\\/www.szentimrekorhaz.hu\\\/#\\\/schema\\\/person\\\/63f81fd96a0cef83fa0d60445861e717\"},\"headline\":\"Hozzon egy sz\u00edvecsk\u00e9t \u00e9s tegye boldogabb\u00e1 egy beteg kar\u00e1csony\u00e1t!\",\"datePublished\":\"2025-12-04T11:47:00+00:00\",\"dateModified\":\"2025-12-05T09:52:34+00:00\",\"mainEntityOfPage\":{\"@id\":\"https:\\\/\\\/www.szentimrekorhaz.hu\\\/index.php\\\/hozzon-egy-szivecsket-es-tegye-boldogabba-egy-beteg-karacsonyat\\\/\"},\"wordCount\":585,\"publisher\":{\"@id\":\"https:\\\/\\\/www.szentimrekorhaz.hu\\\/#organization\"},\"image\":{\"@id\":\"https:\\\/\\\/www.szentimrekorhaz.hu\\\/index.php\\\/hozzon-egy-szivecsket-es-tegye-boldogabba-egy-beteg-karacsonyat\\\/#primaryimage\"},\"thumbnailUrl\":\"https:\\\/\\\/www.szentimrekorhaz.hu\\\/wp-content\\\/uploads\\\/2025\\\/12\\\/20251204_104502-scaled-e1764928279769.jpg\",\"keywords\":[\"Bedros J. R\u00f3bert\",\"kar\u00e1csony\",\"Szent Imre K\u00f3rh\u00e1z\",\"Sz\u00edvecskegy\u0171jt\u0151 Szeretetl\u00e1da\"],\"articleSection\":[\"C\u00edmlaph\u00edrek\",\"H\u00edrek\"],\"inLanguage\":\"hu\"},{\"@type\":\"WebPage\",\"@id\":\"https:\\\/\\\/www.szentimrekorhaz.hu\\\/index.php\\\/hozzon-egy-szivecsket-es-tegye-boldogabba-egy-beteg-karacsonyat\\\/\",\"url\":\"https:\\\/\\\/www.szentimrekorhaz.hu\\\/index.php\\\/hozzon-egy-szivecsket-es-tegye-boldogabba-egy-beteg-karacsonyat\\\/\",\"name\":\"Hozzon egy sz\u00edvecsk\u00e9t \u00e9s tegye boldogabb\u00e1 egy beteg kar\u00e1csony\u00e1t! - D\u00e9l-budai Centrumk\u00f3rh\u00e1z\",\"isPartOf\":{\"@id\":\"https:\\\/\\\/www.szentimrekorhaz.hu\\\/#website\"},\"primaryImageOfPage\":{\"@id\":\"https:\\\/\\\/www.szentimrekorhaz.hu\\\/index.php\\\/hozzon-egy-szivecsket-es-tegye-boldogabba-egy-beteg-karacsonyat\\\/#primaryimage\"},\"image\":{\"@id\":\"https:\\\/\\\/www.szentimrekorhaz.hu\\\/index.php\\\/hozzon-egy-szivecsket-es-tegye-boldogabba-egy-beteg-karacsonyat\\\/#primaryimage\"},\"thumbnailUrl\":\"https:\\\/\\\/www.szentimrekorhaz.hu\\\/wp-content\\\/uploads\\\/2025\\\/12\\\/20251204_104502-scaled-e1764928279769.jpg\",\"datePublished\":\"2025-12-04T11:47:00+00:00\",\"dateModified\":\"2025-12-05T09:52:34+00:00\",\"breadcrumb\":{\"@id\":\"https:\\\/\\\/www.szentimrekorhaz.hu\\\/index.php\\\/hozzon-egy-szivecsket-es-tegye-boldogabba-egy-beteg-karacsonyat\\\/#breadcrumb\"},\"inLanguage\":\"hu\",\"potentialAction\":[{\"@type\":\"ReadAction\",\"target\":[\"https:\\\/\\\/www.szentimrekorhaz.hu\\\/index.php\\\/hozzon-egy-szivecsket-es-tegye-boldogabba-egy-beteg-karacsonyat\\\/\"]}]},{\"@type\":\"ImageObject\",\"inLanguage\":\"hu\",\"@id\":\"https:\\\/\\\/www.szentimrekorhaz.hu\\\/index.php\\\/hozzon-egy-szivecsket-es-tegye-boldogabba-egy-beteg-karacsonyat\\\/#primaryimage\",\"url\":\"https:\\\/\\\/www.szentimrekorhaz.hu\\\/wp-content\\\/uploads\\\/2025\\\/12\\\/20251204_104502-scaled-e1764928279769.jpg\",\"contentUrl\":\"https:\\\/\\\/www.szentimrekorhaz.hu\\\/wp-content\\\/uploads\\\/2025\\\/12\\\/20251204_104502-scaled-e1764928279769.jpg\",\"width\":1182,\"height\":1216},{\"@type\":\"BreadcrumbList\",\"@id\":\"https:\\\/\\\/www.szentimrekorhaz.hu\\\/index.php\\\/hozzon-egy-szivecsket-es-tegye-boldogabba-egy-beteg-karacsonyat\\\/#breadcrumb\",\"itemListElement\":[{\"@type\":\"ListItem\",\"position\":1,\"name\":\"Home\",\"item\":\"https:\\\/\\\/www.szentimrekorhaz.hu\\\/\"},{\"@type\":\"ListItem\",\"position\":2,\"name\":\"Hozzon egy sz\u00edvecsk\u00e9t \u00e9s tegye boldogabb\u00e1 egy beteg kar\u00e1csony\u00e1t!\"}]},{\"@type\":\"WebSite\",\"@id\":\"https:\\\/\\\/www.szentimrekorhaz.hu\\\/#website\",\"url\":\"https:\\\/\\\/www.szentimrekorhaz.hu\\\/\",\"name\":\"D\u00e9l-budai Centrumk\u00f3rh\u00e1z Szent Imre Egyetemi Oktat\u00f3k\u00f3rh\u00e1z\",\"description\":\"Szent Imre Egyetemi Oktat\u00f3k\u00f3rh\u00e1z\",\"publisher\":{\"@id\":\"https:\\\/\\\/www.szentimrekorhaz.hu\\\/#organization\"},\"potentialAction\":[{\"@type\":\"SearchAction\",\"target\":{\"@type\":\"EntryPoint\",\"urlTemplate\":\"https:\\\/\\\/www.szentimrekorhaz.hu\\\/?s={search_term_string}\"},\"query-input\":{\"@type\":\"PropertyValueSpecification\",\"valueRequired\":true,\"valueName\":\"search_term_string\"}}],\"inLanguage\":\"hu\"},{\"@type\":\"Organization\",\"@id\":\"https:\\\/\\\/www.szentimrekorhaz.hu\\\/#organization\",\"name\":\"D\u00e9l-budai Centrumk\u00f3rh\u00e1z Szent Imre Egyetemi Oktat\u00f3k\u00f3rh\u00e1z\",\"url\":\"https:\\\/\\\/www.szentimrekorhaz.hu\\\/\",\"logo\":{\"@type\":\"ImageObject\",\"inLanguage\":\"hu\",\"@id\":\"https:\\\/\\\/www.szentimrekorhaz.hu\\\/#\\\/schema\\\/logo\\\/image\\\/\",\"url\":\"https:\\\/\\\/www.szentimrekorhaz.hu\\\/wp-content\\\/uploads\\\/2025\\\/05\\\/cropped-logo.png\",\"contentUrl\":\"https:\\\/\\\/www.szentimrekorhaz.hu\\\/wp-content\\\/uploads\\\/2025\\\/05\\\/cropped-logo.png\",\"width\":577,\"height\":577,\"caption\":\"D\u00e9l-budai Centrumk\u00f3rh\u00e1z Szent Imre Egyetemi Oktat\u00f3k\u00f3rh\u00e1z\"},\"image\":{\"@id\":\"https:\\\/\\\/www.szentimrekorhaz.hu\\\/#\\\/schema\\\/logo\\\/image\\\/\"},\"sameAs\":[\"https:\\\/\\\/www.facebook.com\\\/szentimrekorhaz\",\"https:\\\/\\\/www.instagram.com\\\/szentimrekorhaz\"]},{\"@type\":\"Person\",\"@id\":\"https:\\\/\\\/www.szentimrekorhaz.hu\\\/#\\\/schema\\\/person\\\/63f81fd96a0cef83fa0d60445861e717\",\"name\":\"draviczkiakos\",\"url\":\"https:\\\/\\\/www.szentimrekorhaz.hu\\\/index.php\\\/author\\\/draviczkiakos\\\/\"}]}<\/script>\n<!-- \/ Yoast SEO plugin. -->","yoast_head_json":{"title":"Hozzon egy sz\u00edvecsk\u00e9t \u00e9s tegye boldogabb\u00e1 egy beteg kar\u00e1csony\u00e1t! - D\u00e9l-budai Centrumk\u00f3rh\u00e1z","robots":{"index":"index","follow":"follow","max-snippet":"max-snippet:-1","max-image-preview":"max-image-preview:large","max-video-preview":"max-video-preview:-1"},"canonical":"https:\/\/www.szentimrekorhaz.hu\/index.php\/hozzon-egy-szivecsket-es-tegye-boldogabba-egy-beteg-karacsonyat\/","og_locale":"hu_HU","og_type":"article","og_title":"Hozzon egy sz\u00edvecsk\u00e9t \u00e9s tegye boldogabb\u00e1 egy beteg kar\u00e1csony\u00e1t! - D\u00e9l-budai Centrumk\u00f3rh\u00e1z","og_description":"Kedves Ismeretlen Ismer\u0151s\u00f6k \u00e9s Eg\u00e9szs\u00e9g\u00fcgyet Tisztel\u0151k! \u00d6n is hisz abban, hogy a szeretet gy\u00f3gy\u00edt\u00f3 er\u0151vel b\u00edr? J\u00f3 sz\u00edvvel gondol a Szent Imre K\u00f3rh\u00e1zra \u00e9s szeretne&hellip;","og_url":"https:\/\/www.szentimrekorhaz.hu\/index.php\/hozzon-egy-szivecsket-es-tegye-boldogabba-egy-beteg-karacsonyat\/","og_site_name":"D\u00e9l-budai Centrumk\u00f3rh\u00e1z","article_publisher":"https:\/\/www.facebook.com\/szentimrekorhaz","article_published_time":"2025-12-04T11:47:00+00:00","article_modified_time":"2025-12-05T09:52:34+00:00","og_image":[{"width":1182,"height":1216,"url":"https:\/\/www.szentimrekorhaz.hu\/wp-content\/uploads\/2025\/12\/20251204_104502-scaled-e1764928279769.jpg","type":"image\/jpeg"}],"author":"draviczkiakos","twitter_card":"summary_large_image","twitter_misc":{"Written by":"draviczkiakos","Est. reading time":"3 perc"},"schema":{"@context":"https:\/\/schema.org","@graph":[{"@type":"Article","@id":"https:\/\/www.szentimrekorhaz.hu\/index.php\/hozzon-egy-szivecsket-es-tegye-boldogabba-egy-beteg-karacsonyat\/#article","isPartOf":{"@id":"https:\/\/www.szentimrekorhaz.hu\/index.php\/hozzon-egy-szivecsket-es-tegye-boldogabba-egy-beteg-karacsonyat\/"},"author":{"name":"draviczkiakos","@id":"https:\/\/www.szentimrekorhaz.hu\/#\/schema\/person\/63f81fd96a0cef83fa0d60445861e717"},"headline":"Hozzon egy sz\u00edvecsk\u00e9t \u00e9s tegye boldogabb\u00e1 egy beteg kar\u00e1csony\u00e1t!","datePublished":"2025-12-04T11:47:00+00:00","dateModified":"2025-12-05T09:52:34+00:00","mainEntityOfPage":{"@id":"https:\/\/www.szentimrekorhaz.hu\/index.php\/hozzon-egy-szivecsket-es-tegye-boldogabba-egy-beteg-karacsonyat\/"},"wordCount":585,"publisher":{"@id":"https:\/\/www.szentimrekorhaz.hu\/#organization"},"image":{"@id":"https:\/\/www.szentimrekorhaz.hu\/index.php\/hozzon-egy-szivecsket-es-tegye-boldogabba-egy-beteg-karacsonyat\/#primaryimage"},"thumbnailUrl":"https:\/\/www.szentimrekorhaz.hu\/wp-content\/uploads\/2025\/12\/20251204_104502-scaled-e1764928279769.jpg","keywords":["Bedros J. R\u00f3bert","kar\u00e1csony","Szent Imre K\u00f3rh\u00e1z","Sz\u00edvecskegy\u0171jt\u0151 Szeretetl\u00e1da"],"articleSection":["C\u00edmlaph\u00edrek","H\u00edrek"],"inLanguage":"hu"},{"@type":"WebPage","@id":"https:\/\/www.szentimrekorhaz.hu\/index.php\/hozzon-egy-szivecsket-es-tegye-boldogabba-egy-beteg-karacsonyat\/","url":"https:\/\/www.szentimrekorhaz.hu\/index.php\/hozzon-egy-szivecsket-es-tegye-boldogabba-egy-beteg-karacsonyat\/","name":"Hozzon egy sz\u00edvecsk\u00e9t \u00e9s tegye boldogabb\u00e1 egy beteg kar\u00e1csony\u00e1t! - D\u00e9l-budai Centrumk\u00f3rh\u00e1z","isPartOf":{"@id":"https:\/\/www.szentimrekorhaz.hu\/#website"},"primaryImageOfPage":{"@id":"https:\/\/www.szentimrekorhaz.hu\/index.php\/hozzon-egy-szivecsket-es-tegye-boldogabba-egy-beteg-karacsonyat\/#primaryimage"},"image":{"@id":"https:\/\/www.szentimrekorhaz.hu\/index.php\/hozzon-egy-szivecsket-es-tegye-boldogabba-egy-beteg-karacsonyat\/#primaryimage"},"thumbnailUrl":"https:\/\/www.szentimrekorhaz.hu\/wp-content\/uploads\/2025\/12\/20251204_104502-scaled-e1764928279769.jpg","datePublished":"2025-12-04T11:47:00+00:00","dateModified":"2025-12-05T09:52:34+00:00","breadcrumb":{"@id":"https:\/\/www.szentimrekorhaz.hu\/index.php\/hozzon-egy-szivecsket-es-tegye-boldogabba-egy-beteg-karacsonyat\/#breadcrumb"},"inLanguage":"hu","potentialAction":[{"@type":"ReadAction","target":["https:\/\/www.szentimrekorhaz.hu\/index.php\/hozzon-egy-szivecsket-es-tegye-boldogabba-egy-beteg-karacsonyat\/"]}]},{"@type":"ImageObject","inLanguage":"hu","@id":"https:\/\/www.szentimrekorhaz.hu\/index.php\/hozzon-egy-szivecsket-es-tegye-boldogabba-egy-beteg-karacsonyat\/#primaryimage","url":"https:\/\/www.szentimrekorhaz.hu\/wp-content\/uploads\/2025\/12\/20251204_104502-scaled-e1764928279769.jpg","contentUrl":"https:\/\/www.szentimrekorhaz.hu\/wp-content\/uploads\/2025\/12\/20251204_104502-scaled-e1764928279769.jpg","width":1182,"height":1216},{"@type":"BreadcrumbList","@id":"https:\/\/www.szentimrekorhaz.hu\/index.php\/hozzon-egy-szivecsket-es-tegye-boldogabba-egy-beteg-karacsonyat\/#breadcrumb","itemListElement":[{"@type":"ListItem","position":1,"name":"Home","item":"https:\/\/www.szentimrekorhaz.hu\/"},{"@type":"ListItem","position":2,"name":"Hozzon egy sz\u00edvecsk\u00e9t \u00e9s tegye boldogabb\u00e1 egy beteg kar\u00e1csony\u00e1t!"}]},{"@type":"WebSite","@id":"https:\/\/www.szentimrekorhaz.hu\/#website","url":"https:\/\/www.szentimrekorhaz.hu\/","name":"D\u00e9l-budai Centrumk\u00f3rh\u00e1z Szent Imre Egyetemi Oktat\u00f3k\u00f3rh\u00e1z","description":"Szent Imre Egyetemi Oktat\u00f3k\u00f3rh\u00e1z","publisher":{"@id":"https:\/\/www.szentimrekorhaz.hu\/#organization"},"potentialAction":[{"@type":"SearchAction","target":{"@type":"EntryPoint","urlTemplate":"https:\/\/www.szentimrekorhaz.hu\/?s={search_term_string}"},"query-input":{"@type":"PropertyValueSpecification","valueRequired":true,"valueName":"search_term_string"}}],"inLanguage":"hu"},{"@type":"Organization","@id":"https:\/\/www.szentimrekorhaz.hu\/#organization","name":"D\u00e9l-budai Centrumk\u00f3rh\u00e1z Szent Imre Egyetemi Oktat\u00f3k\u00f3rh\u00e1z","url":"https:\/\/www.szentimrekorhaz.hu\/","logo":{"@type":"ImageObject","inLanguage":"hu","@id":"https:\/\/www.szentimrekorhaz.hu\/#\/schema\/logo\/image\/","url":"https:\/\/www.szentimrekorhaz.hu\/wp-content\/uploads\/2025\/05\/cropped-logo.png","contentUrl":"https:\/\/www.szentimrekorhaz.hu\/wp-content\/uploads\/2025\/05\/cropped-logo.png","width":577,"height":577,"caption":"D\u00e9l-budai Centrumk\u00f3rh\u00e1z Szent Imre Egyetemi Oktat\u00f3k\u00f3rh\u00e1z"},"image":{"@id":"https:\/\/www.szentimrekorhaz.hu\/#\/schema\/logo\/image\/"},"sameAs":["https:\/\/www.facebook.com\/szentimrekorhaz","https:\/\/www.instagram.com\/szentimrekorhaz"]},{"@type":"Person","@id":"https:\/\/www.szentimrekorhaz.hu\/#\/schema\/person\/63f81fd96a0cef83fa0d60445861e717","name":"draviczkiakos","url":"https:\/\/www.szentimrekorhaz.hu\/index.php\/author\/draviczkiakos\/"}]}},"uagb_featured_image_src":{"full":["https:\/\/www.szentimrekorhaz.hu\/wp-content\/uploads\/2025\/12\/20251204_104502-scaled-e1764928279769.jpg",1182,1216,false],"thumbnail":["https:\/\/www.szentimrekorhaz.hu\/wp-content\/uploads\/2025\/12\/20251204_104502-scaled-e1764928279769-150x150.jpg",150,150,true],"medium":["https:\/\/www.szentimrekorhaz.hu\/wp-content\/uploads\/2025\/12\/20251204_104502-scaled-e1764928279769-292x300.jpg",292,300,true],"medium_large":["https:\/\/www.szentimrekorhaz.hu\/wp-content\/uploads\/2025\/12\/20251204_104502-scaled-e1764928279769-768x790.jpg",768,790,true],"large":["https:\/\/www.szentimrekorhaz.hu\/wp-content\/uploads\/2025\/12\/20251204_104502-scaled-e1764928279769-995x1024.jpg",843,868,true],"1536x1536":["https:\/\/www.szentimrekorhaz.hu\/wp-content\/uploads\/2025\/12\/20251204_104502-709x1536.jpg",709,1536,true],"2048x2048":["https:\/\/www.szentimrekorhaz.hu\/wp-content\/uploads\/2025\/12\/20251204_104502-946x2048.jpg",946,2048,true],"410x410":["https:\/\/www.szentimrekorhaz.hu\/wp-content\/uploads\/2025\/12\/20251204_104502-scaled-e1764928279769-410x410.jpg",410,410,true]},"uagb_author_info":{"display_name":"draviczkiakos","author_link":"https:\/\/www.szentimrekorhaz.hu\/index.php\/author\/draviczkiakos\/"},"uagb_comment_info":0,"uagb_excerpt":"Kedves Ismeretlen Ismer\u0151s\u00f6k \u00e9s Eg\u00e9szs\u00e9g\u00fcgyet Tisztel\u0151k! \u00d6n is hisz abban, hogy a szeretet gy\u00f3gy\u00edt\u00f3 er\u0151vel b\u00edr? J\u00f3 sz\u00edvvel gondol a Szent Imre K\u00f3rh\u00e1zra \u00e9s szeretne&hellip;","post_type":"post","author_name":"draviczkiakos","_links":{"self":[{"href":"https:\/\/www.szentimrekorhaz.hu\/index.php\/wp-json\/wp\/v2\/posts\/3371","targetHints":{"allow":["GET"]}}],"collection":[{"href":"https:\/\/www.szentimrekorhaz.hu\/index.php\/wp-json\/wp\/v2\/posts"}],"about":[{"href":"https:\/\/www.szentimrekorhaz.hu\/index.php\/wp-json\/wp\/v2\/types\/post"}],"author":[{"embeddable":true,"href":"https:\/\/www.szentimrekorhaz.hu\/index.php\/wp-json\/wp\/v2\/users\/31"}],"replies":[{"embeddable":true,"href":"https:\/\/www.szentimrekorhaz.hu\/index.php\/wp-json\/wp\/v2\/comments?post=3371"}],"version-history":[{"count":1,"href":"https:\/\/www.szentimrekorhaz.hu\/index.php\/wp-json\/wp\/v2\/posts\/3371\/revisions"}],"predecessor-version":[{"id":3373,"href":"https:\/\/www.szentimrekorhaz.hu\/index.php\/wp-json\/wp\/v2\/posts\/3371\/revisions\/3373"}],"wp:featuredmedia":[{"embeddable":true,"href":"https:\/\/www.szentimrekorhaz.hu\/index.php\/wp-json\/wp\/v2\/media\/3372"}],"wp:attachment":[{"href":"https:\/\/www.szentimrekorhaz.hu\/index.php\/wp-json\/wp\/v2\/media?parent=3371"}],"wp:term":[{"taxonomy":"category","embeddable":true,"href":"https:\/\/www.szentimrekorhaz.hu\/index.php\/wp-json\/wp\/v2\/categories?post=3371"},{"taxonomy":"post_tag","embeddable":true,"href":"https:\/\/www.szentimrekorhaz.hu\/index.php\/wp-json\/wp\/v2\/tags?post=3371"}],"curies":[{"name":"wp","href":"https:\/\/api.w.org\/{rel}","templated":true}]}}