{"id":3390,"date":"2025-12-16T16:28:48","date_gmt":"2025-12-16T15:28:48","guid":{"rendered":"https:\/\/www.szentimrekorhaz.hu\/?p=3390"},"modified":"2025-12-16T16:30:26","modified_gmt":"2025-12-16T15:30:26","slug":"kozlemeny1216","status":"publish","type":"post","link":"https:\/\/www.szentimrekorhaz.hu\/index.php\/kozlemeny1216\/","title":{"rendered":"K\u00d6ZLEM\u00c9NY 12.16."},"content":{"rendered":"\n<p><strong>2025.12.16.<\/strong> \u2013 Az elm\u00falt napokban a D\u00e9l-budai Centrumk\u00f3rh\u00e1z Szent Imre Egyetemi Oktat\u00f3k\u00f3rh\u00e1z s\u00fcrg\u0151ss\u00e9gi betegell\u00e1t\u00e1s\u00e1val kapcsolatban t\u00f6bb megalapozatlan \u00e9s f\u00e9lrevezet\u0151 h\u00edr l\u00e1tott napvil\u00e1got. Az Orsz\u00e1gos K\u00f3rh\u00e1zi F\u0151igazgat\u00f3s\u00e1g (OKF\u0150), mint fenntart\u00f3, kiemelt figyelemmel k\u00eds\u00e9rte a betegell\u00e1t\u00e1s szervez\u00e9se sor\u00e1n felmer\u00fcl\u0151 kock\u00e1zatokat, \u00e9s a sz\u00fcks\u00e9ges beavatkoz\u00e1sokat elv\u00e9gezte.T\u00e1j\u00e9koztatjuk \u00d6n\u00f6ket, hogy a szakszer\u0171 szem\u00e9lyi felt\u00e9telek biztos\u00edtottak, \u00edgy a betegell\u00e1t\u00e1s folyamatoss\u00e1ga \u00e9s biztons\u00e1ga zavartalan. A Szent Imre K\u00f3rh\u00e1z S\u00fcrg\u0151ss\u00e9gi Oszt\u00e1lya a nap 24 \u00f3r\u00e1j\u00e1ban tov\u00e1bbra is k\u00e9szs\u00e9ggel \u00e1ll a r\u00e1szorul\u00f3k rendelkez\u00e9s\u00e9re. K\u00e9rj\u00fck, forduljanak bizalommal munkat\u00e1rsainkhoz, akik elk\u00f6telezetten dolgoznak az \u00d6n\u00f6k gy\u00f3gyul\u00e1s\u00e1\u00e9rt.<\/p>\n\n\n\n<p><\/p>\n\n\n\n\t<div class=\"dkpdf-button-container\" style=\"            text-align:right \">\n\n\t\t<a class=\"dkpdf-button\" href=\"\/index.php\/wp-json\/wp\/v2\/posts\/3390?pdf=3390\" target=\"_blank\"><span class=\"dkpdf-button-icon\"><i class=\"fa fa-file-pdf-o\"><\/i><\/span> Let\u00f6lt\u00e9s<\/a>\n\n\t<\/div>\n\n\n\n\n\n","protected":false},"excerpt":{"rendered":"<p>2025.12.16. \u2013 Az elm\u00falt napokban a D\u00e9l-budai Centrumk\u00f3rh\u00e1z Szent Imre Egyetemi Oktat\u00f3k\u00f3rh\u00e1z s\u00fcrg\u0151ss\u00e9gi betegell\u00e1t\u00e1s\u00e1val kapcsolatban t\u00f6bb megalapozatlan \u00e9s f\u00e9lrevezet\u0151 h\u00edr l\u00e1tott napvil\u00e1got. Az Orsz\u00e1gos K\u00f3rh\u00e1zi&hellip;<\/p>\n","protected":false},"author":1,"featured_media":2814,"comment_status":"closed","ping_status":"closed","sticky":false,"template":"","format":"standard","meta":{"_acf_changed":false,"footnotes":""},"categories":[37,21],"tags":[],"class_list":["post-3390","post","type-post","status-publish","format-standard","has-post-thumbnail","hentry","category-cimlaphirek","category-hirek"],"acf":[],"post_type":"post","author_name":"admin","_links":{"self":[{"href":"https:\/\/www.szentimrekorhaz.hu\/index.php\/wp-json\/wp\/v2\/posts\/3390","targetHints":{"allow":["GET"]}}],"collection":[{"href":"https:\/\/www.szentimrekorhaz.hu\/index.php\/wp-json\/wp\/v2\/posts"}],"about":[{"href":"https:\/\/www.szentimrekorhaz.hu\/index.php\/wp-json\/wp\/v2\/types\/post"}],"author":[{"embeddable":true,"href":"https:\/\/www.szentimrekorhaz.hu\/index.php\/wp-json\/wp\/v2\/users\/1"}],"replies":[{"embeddable":true,"href":"https:\/\/www.szentimrekorhaz.hu\/index.php\/wp-json\/wp\/v2\/comments?post=3390"}],"version-history":[{"count":4,"href":"https:\/\/www.szentimrekorhaz.hu\/index.php\/wp-json\/wp\/v2\/posts\/3390\/revisions"}],"predecessor-version":[{"id":3412,"href":"https:\/\/www.szentimrekorhaz.hu\/index.php\/wp-json\/wp\/v2\/posts\/3390\/revisions\/3412"}],"wp:featuredmedia":[{"embeddable":true,"href":"https:\/\/www.szentimrekorhaz.hu\/index.php\/wp-json\/wp\/v2\/media\/2814"}],"wp:attachment":[{"href":"https:\/\/www.szentimrekorhaz.hu\/index.php\/wp-json\/wp\/v2\/media?parent=3390"}],"wp:term":[{"taxonomy":"category","embeddable":true,"href":"https:\/\/www.szentimrekorhaz.hu\/index.php\/wp-json\/wp\/v2\/categories?post=3390"},{"taxonomy":"post_tag","embeddable":true,"href":"https:\/\/www.szentimrekorhaz.hu\/index.php\/wp-json\/wp\/v2\/tags?post=3390"}],"curies":[{"name":"wp","href":"https:\/\/api.w.org\/{rel}","templated":true}]}}