{"id":3718,"date":"2026-01-29T13:44:12","date_gmt":"2026-01-29T12:44:12","guid":{"rendered":"https:\/\/www.szentimrekorhaz.hu\/?p=3718"},"modified":"2026-01-29T15:12:20","modified_gmt":"2026-01-29T14:12:20","slug":"tajekoztatas","status":"publish","type":"post","link":"https:\/\/www.szentimrekorhaz.hu\/index.php\/tajekoztatas\/","title":{"rendered":"T\u00c1J\u00c9KOZTAT\u00c1S"},"content":{"rendered":"\n<h2 class=\"wp-block-heading\"><strong>Tisztelt Betegeink!<\/strong><\/h2>\n\n\n\n<p>Felh\u00edvjuk sz\u00edves figyelm\u00fcket, hogy bejelentkez\u00e9skor a Digit\u00e1lis \u00c1llampolg\u00e1r (D\u00c1P) mobilalkalmaz\u00e1sban t\u00e1rolt szem\u00e9lyes adatok bemutat\u00e1sa jelenleg m\u00e9g <strong>nem el\u00e9gs\u00e9ges a szem\u00e9lyazonoss\u00e1g igazol\u00e1s\u00e1ra<\/strong>.<\/p>\n\n\n\n<p>K\u00e9rj\u00fck \u00d6n\u00f6ket, hogy a vizsg\u00e1latokra tov\u00e1bbra is <strong>minden esetben hozz\u00e1k magukkal<\/strong>:<\/p>\n\n\n\n<p>\u2022 szem\u00e9lyazonos\u00edt\u00f3 igazolv\u00e1nyukat<\/p>\n\n\n\n<p>\u2022 lakc\u00edmk\u00e1rty\u00e1jukat \u00e9s<\/p>\n\n\n\n<p>\u2022 TAJ k\u00e1rty\u00e1jukat!<\/p>\n\n\n\n<p>K\u00f6sz\u00f6nj\u00fck meg\u00e9rt\u00e9s\u00fcket \u00e9s j\u00f3 eg\u00e9szs\u00e9get k\u00edv\u00e1nunk!<\/p>\n\n\n\n\t<div class=\"dkpdf-button-container\" style=\"            text-align:right \">\n\n\t\t<a class=\"dkpdf-button\" href=\"\/index.php\/wp-json\/wp\/v2\/posts\/3718?pdf=3718\" target=\"_blank\"><span class=\"dkpdf-button-icon\"><i class=\"fa fa-file-pdf-o\"><\/i><\/span> Let\u00f6lt\u00e9s<\/a>\n\n\t<\/div>\n\n\n\n\n\n","protected":false},"excerpt":{"rendered":"<p>Tisztelt Betegeink! Felh\u00edvjuk sz\u00edves figyelm\u00fcket, hogy bejelentkez\u00e9skor a Digit\u00e1lis \u00c1llampolg\u00e1r (D\u00c1P) mobilalkalmaz\u00e1sban t\u00e1rolt szem\u00e9lyes adatok bemutat\u00e1sa jelenleg m\u00e9g nem el\u00e9gs\u00e9ges a szem\u00e9lyazonoss\u00e1g igazol\u00e1s\u00e1ra. K\u00e9rj\u00fck \u00d6n\u00f6ket,&hellip;<\/p>\n","protected":false},"author":31,"featured_media":3723,"comment_status":"closed","ping_status":"closed","sticky":false,"template":"","format":"standard","meta":{"_acf_changed":false,"_uag_custom_page_level_css":"","footnotes":""},"categories":[37,21],"tags":[77,96],"class_list":["post-3718","post","type-post","status-publish","format-standard","has-post-thumbnail","hentry","category-cimlaphirek","category-hirek","tag-szent-imre-korhaz","tag-tajekoztatas"],"acf":[],"uagb_featured_image_src":{"full":["https:\/\/www.szentimrekorhaz.hu\/wp-content\/uploads\/2026\/01\/A-DAP-MOBILALKALMAZASROL-honlap.jpg",500,500,false],"thumbnail":["https:\/\/www.szentimrekorhaz.hu\/wp-content\/uploads\/2026\/01\/A-DAP-MOBILALKALMAZASROL-honlap-150x150.jpg",150,150,true],"medium":["https:\/\/www.szentimrekorhaz.hu\/wp-content\/uploads\/2026\/01\/A-DAP-MOBILALKALMAZASROL-honlap-300x300.jpg",300,300,true],"medium_large":["https:\/\/www.szentimrekorhaz.hu\/wp-content\/uploads\/2026\/01\/A-DAP-MOBILALKALMAZASROL-honlap.jpg",500,500,false],"large":["https:\/\/www.szentimrekorhaz.hu\/wp-content\/uploads\/2026\/01\/A-DAP-MOBILALKALMAZASROL-honlap.jpg",500,500,false],"1536x1536":["https:\/\/www.szentimrekorhaz.hu\/wp-content\/uploads\/2026\/01\/A-DAP-MOBILALKALMAZASROL-honlap.jpg",500,500,false],"2048x2048":["https:\/\/www.szentimrekorhaz.hu\/wp-content\/uploads\/2026\/01\/A-DAP-MOBILALKALMAZASROL-honlap.jpg",500,500,false],"410x410":["https:\/\/www.szentimrekorhaz.hu\/wp-content\/uploads\/2026\/01\/A-DAP-MOBILALKALMAZASROL-honlap-410x410.jpg",410,410,true]},"uagb_author_info":{"display_name":"draviczkiakos","author_link":"https:\/\/www.szentimrekorhaz.hu\/index.php\/author\/draviczkiakos\/"},"uagb_comment_info":0,"uagb_excerpt":"Tisztelt Betegeink! Felh\u00edvjuk sz\u00edves figyelm\u00fcket, hogy bejelentkez\u00e9skor a Digit\u00e1lis \u00c1llampolg\u00e1r (D\u00c1P) mobilalkalmaz\u00e1sban t\u00e1rolt szem\u00e9lyes adatok bemutat\u00e1sa jelenleg m\u00e9g nem el\u00e9gs\u00e9ges a szem\u00e9lyazonoss\u00e1g igazol\u00e1s\u00e1ra. K\u00e9rj\u00fck \u00d6n\u00f6ket,&hellip;","post_type":"post","author_name":"draviczkiakos","_links":{"self":[{"href":"https:\/\/www.szentimrekorhaz.hu\/index.php\/wp-json\/wp\/v2\/posts\/3718","targetHints":{"allow":["GET"]}}],"collection":[{"href":"https:\/\/www.szentimrekorhaz.hu\/index.php\/wp-json\/wp\/v2\/posts"}],"about":[{"href":"https:\/\/www.szentimrekorhaz.hu\/index.php\/wp-json\/wp\/v2\/types\/post"}],"author":[{"embeddable":true,"href":"https:\/\/www.szentimrekorhaz.hu\/index.php\/wp-json\/wp\/v2\/users\/31"}],"replies":[{"embeddable":true,"href":"https:\/\/www.szentimrekorhaz.hu\/index.php\/wp-json\/wp\/v2\/comments?post=3718"}],"version-history":[{"count":1,"href":"https:\/\/www.szentimrekorhaz.hu\/index.php\/wp-json\/wp\/v2\/posts\/3718\/revisions"}],"predecessor-version":[{"id":3720,"href":"https:\/\/www.szentimrekorhaz.hu\/index.php\/wp-json\/wp\/v2\/posts\/3718\/revisions\/3720"}],"wp:featuredmedia":[{"embeddable":true,"href":"https:\/\/www.szentimrekorhaz.hu\/index.php\/wp-json\/wp\/v2\/media\/3723"}],"wp:attachment":[{"href":"https:\/\/www.szentimrekorhaz.hu\/index.php\/wp-json\/wp\/v2\/media?parent=3718"}],"wp:term":[{"taxonomy":"category","embeddable":true,"href":"https:\/\/www.szentimrekorhaz.hu\/index.php\/wp-json\/wp\/v2\/categories?post=3718"},{"taxonomy":"post_tag","embeddable":true,"href":"https:\/\/www.szentimrekorhaz.hu\/index.php\/wp-json\/wp\/v2\/tags?post=3718"}],"curies":[{"name":"wp","href":"https:\/\/api.w.org\/{rel}","templated":true}]}}