{"id":3821,"date":"2026-03-03T10:48:31","date_gmt":"2026-03-03T09:48:31","guid":{"rendered":"https:\/\/www.szentimrekorhaz.hu\/?p=3821"},"modified":"2026-03-03T13:40:43","modified_gmt":"2026-03-03T12:40:43","slug":"szent-gyorgyi-albert-orvosi-dijra-jeloltek","status":"publish","type":"post","link":"https:\/\/www.szentimrekorhaz.hu\/index.php\/szent-gyorgyi-albert-orvosi-dijra-jeloltek\/","title":{"rendered":"Szent-Gy\u00f6rgyi Albert Orvosi D\u00edjra jel\u00f6ltek"},"content":{"rendered":"\n<p><a>\u00d6r\u00f6mmel \u00e9s b\u00fcszk\u00e9n osztjuk meg, hogy int\u00e9zm\u00e9ny\u00fcnk t\u00f6bb orvos\u00e1t is jel\u00f6lt\u00e9k az idei Szent-Gy\u00f6rgyi Albert Orvosi D\u00edjra, arra az elismer\u00e9sre, amely Szent-Gy\u00f6rgyi Albert szellemis\u00e9g\u00e9t viszi tov\u00e1bb: tud\u00e1s, embers\u00e9g, elhivatotts\u00e1g.<\/a><\/p>\n\n\n\n<p>A jel\u00f6l\u00e9s a betegek bizalm\u00e1t \u00e9s a k\u00f6z\u00f6ss\u00e9g megbecs\u00fcl\u00e9s\u00e9t is t\u00fckr\u00f6zi. Orvosaink elk\u00f6telezett, magas sz\u00ednvonal\u00fa munk\u00e1ja, embers\u00e9ge \u00e9s odaad\u00e1sa sz\u00e1munkra a legnagyobb \u00e9rt\u00e9k.<\/p>\n\n\n\n<p>Jel\u00f6lt orvosaink:<\/p>\n\n\n\n<p>Dr. Bukosza N\u00f3ra<br>Dr. Cs\u00edki Judit<br>Dr. Csik\u00f3s Gabriella<br>Dr. Ferencz M\u00e1ria \u00c9va<br>Dr. K\u00e1lm\u00e1n \u00c9va<br>Dr. Kocsis Dorottya<br>Dr. Magi Erzs\u00e9bet<br>Dr. Nagy Andr\u00e1s<br>Dr. Nagy Endre<br>Dr. P\u00e1rtos Gergely<br>Dr. Popper-Sachetti Andrea<br>Dr. Semj\u00e9ni-Tornyi Fanni<br>Dr. Sz\u00e9l K\u00e1lm\u00e1n<br>Dr. Valtinyi Dorottya<br>Dr. V\u00f6lgyi R\u00e9ka<\/p>\n\n\n\n<p>K\u00e9rj\u00fck, t\u00e1mogass\u00e1k \u0151ket szavazatukkal!<\/p>\n\n\n\n<p>Kattintson a r\u00e9szletes inform\u00e1ci\u00f3\u00e9rt \u00e9s a szavaz\u00e1s\u00e9rt!<\/p>\n\n\n\n<p class=\"has-text-align-center\">A <a href=\"https:\/\/szentgyorgyialbertorvosidij.hu\/\"><strong>d\u00edjr\u00f3l<\/strong><\/a><br>Itt tud <a href=\"https:\/\/szentgyorgyialbertorvosidij.hu\/szavazas\/\"><strong>szavazni<\/strong><\/a><\/p>\n\n\n\n<figure class=\"wp-block-gallery has-nested-images columns-default is-cropped wp-block-gallery-1 is-layout-flex wp-block-gallery-is-layout-flex\">\n<figure class=\"wp-block-image size-large is-style-default\"><img decoding=\"async\" width=\"724\" height=\"1024\" data-id=\"3854\" src=\"https:\/\/www.szentimrekorhaz.hu\/wp-content\/uploads\/2026\/03\/12-2-724x1024.jpg\" alt=\"\" class=\"wp-image-3854\" srcset=\"https:\/\/www.szentimrekorhaz.hu\/wp-content\/uploads\/2026\/03\/12-2-724x1024.jpg 724w, https:\/\/www.szentimrekorhaz.hu\/wp-content\/uploads\/2026\/03\/12-2-212x300.jpg 212w, https:\/\/www.szentimrekorhaz.hu\/wp-content\/uploads\/2026\/03\/12-2-768x1086.jpg 768w, https:\/\/www.szentimrekorhaz.hu\/wp-content\/uploads\/2026\/03\/12-2-1086x1536.jpg 1086w, https:\/\/www.szentimrekorhaz.hu\/wp-content\/uploads\/2026\/03\/12-2.jpg 1414w\" sizes=\"(max-width: 724px) 100vw, 724px\" \/><\/figure>\n\n\n\n<figure class=\"wp-block-image size-large\"><img decoding=\"async\" width=\"724\" height=\"1024\" data-id=\"3856\" src=\"https:\/\/www.szentimrekorhaz.hu\/wp-content\/uploads\/2026\/03\/11-2-724x1024.jpg\" alt=\"\" class=\"wp-image-3856\" srcset=\"https:\/\/www.szentimrekorhaz.hu\/wp-content\/uploads\/2026\/03\/11-2-724x1024.jpg 724w, https:\/\/www.szentimrekorhaz.hu\/wp-content\/uploads\/2026\/03\/11-2-212x300.jpg 212w, https:\/\/www.szentimrekorhaz.hu\/wp-content\/uploads\/2026\/03\/11-2-768x1086.jpg 768w, https:\/\/www.szentimrekorhaz.hu\/wp-content\/uploads\/2026\/03\/11-2-1086x1536.jpg 1086w, https:\/\/www.szentimrekorhaz.hu\/wp-content\/uploads\/2026\/03\/11-2.jpg 1414w\" sizes=\"(max-width: 724px) 100vw, 724px\" \/><\/figure>\n\n\n\n<figure class=\"wp-block-image size-large\"><img decoding=\"async\" width=\"724\" height=\"1024\" data-id=\"3855\" src=\"https:\/\/www.szentimrekorhaz.hu\/wp-content\/uploads\/2026\/03\/10-2-724x1024.jpg\" alt=\"\" class=\"wp-image-3855\" srcset=\"https:\/\/www.szentimrekorhaz.hu\/wp-content\/uploads\/2026\/03\/10-2-724x1024.jpg 724w, https:\/\/www.szentimrekorhaz.hu\/wp-content\/uploads\/2026\/03\/10-2-212x300.jpg 212w, https:\/\/www.szentimrekorhaz.hu\/wp-content\/uploads\/2026\/03\/10-2-768x1086.jpg 768w, https:\/\/www.szentimrekorhaz.hu\/wp-content\/uploads\/2026\/03\/10-2-1086x1536.jpg 1086w, https:\/\/www.szentimrekorhaz.hu\/wp-content\/uploads\/2026\/03\/10-2.jpg 1414w\" sizes=\"(max-width: 724px) 100vw, 724px\" \/><\/figure>\n\n\n\n<figure class=\"wp-block-image size-large\"><img decoding=\"async\" width=\"724\" height=\"1024\" data-id=\"3858\" src=\"https:\/\/www.szentimrekorhaz.hu\/wp-content\/uploads\/2026\/03\/9-2-724x1024.jpg\" alt=\"\" class=\"wp-image-3858\" srcset=\"https:\/\/www.szentimrekorhaz.hu\/wp-content\/uploads\/2026\/03\/9-2-724x1024.jpg 724w, https:\/\/www.szentimrekorhaz.hu\/wp-content\/uploads\/2026\/03\/9-2-212x300.jpg 212w, https:\/\/www.szentimrekorhaz.hu\/wp-content\/uploads\/2026\/03\/9-2-768x1086.jpg 768w, https:\/\/www.szentimrekorhaz.hu\/wp-content\/uploads\/2026\/03\/9-2-1086x1536.jpg 1086w, https:\/\/www.szentimrekorhaz.hu\/wp-content\/uploads\/2026\/03\/9-2.jpg 1414w\" sizes=\"(max-width: 724px) 100vw, 724px\" \/><\/figure>\n\n\n\n<figure class=\"wp-block-image size-large\"><img decoding=\"async\" width=\"724\" height=\"1024\" data-id=\"3857\" src=\"https:\/\/www.szentimrekorhaz.hu\/wp-content\/uploads\/2026\/03\/8-2-724x1024.jpg\" alt=\"\" class=\"wp-image-3857\" srcset=\"https:\/\/www.szentimrekorhaz.hu\/wp-content\/uploads\/2026\/03\/8-2-724x1024.jpg 724w, https:\/\/www.szentimrekorhaz.hu\/wp-content\/uploads\/2026\/03\/8-2-212x300.jpg 212w, https:\/\/www.szentimrekorhaz.hu\/wp-content\/uploads\/2026\/03\/8-2-768x1086.jpg 768w, https:\/\/www.szentimrekorhaz.hu\/wp-content\/uploads\/2026\/03\/8-2-1086x1536.jpg 1086w, https:\/\/www.szentimrekorhaz.hu\/wp-content\/uploads\/2026\/03\/8-2.jpg 1414w\" sizes=\"(max-width: 724px) 100vw, 724px\" \/><\/figure>\n\n\n\n<figure class=\"wp-block-image size-large\"><img decoding=\"async\" width=\"724\" height=\"1024\" data-id=\"3859\" src=\"https:\/\/www.szentimrekorhaz.hu\/wp-content\/uploads\/2026\/03\/7-2-724x1024.jpg\" alt=\"\" class=\"wp-image-3859\" srcset=\"https:\/\/www.szentimrekorhaz.hu\/wp-content\/uploads\/2026\/03\/7-2-724x1024.jpg 724w, https:\/\/www.szentimrekorhaz.hu\/wp-content\/uploads\/2026\/03\/7-2-212x300.jpg 212w, https:\/\/www.szentimrekorhaz.hu\/wp-content\/uploads\/2026\/03\/7-2-768x1086.jpg 768w, https:\/\/www.szentimrekorhaz.hu\/wp-content\/uploads\/2026\/03\/7-2-1086x1536.jpg 1086w, https:\/\/www.szentimrekorhaz.hu\/wp-content\/uploads\/2026\/03\/7-2.jpg 1414w\" sizes=\"(max-width: 724px) 100vw, 724px\" \/><\/figure>\n\n\n\n<figure class=\"wp-block-image size-large\"><img decoding=\"async\" width=\"724\" height=\"1024\" data-id=\"3860\" src=\"https:\/\/www.szentimrekorhaz.hu\/wp-content\/uploads\/2026\/03\/6-2-724x1024.jpg\" alt=\"\" class=\"wp-image-3860\" srcset=\"https:\/\/www.szentimrekorhaz.hu\/wp-content\/uploads\/2026\/03\/6-2-724x1024.jpg 724w, https:\/\/www.szentimrekorhaz.hu\/wp-content\/uploads\/2026\/03\/6-2-212x300.jpg 212w, https:\/\/www.szentimrekorhaz.hu\/wp-content\/uploads\/2026\/03\/6-2-768x1086.jpg 768w, https:\/\/www.szentimrekorhaz.hu\/wp-content\/uploads\/2026\/03\/6-2-1086x1536.jpg 1086w, https:\/\/www.szentimrekorhaz.hu\/wp-content\/uploads\/2026\/03\/6-2.jpg 1414w\" sizes=\"(max-width: 724px) 100vw, 724px\" \/><\/figure>\n\n\n\n<figure class=\"wp-block-image size-large\"><img decoding=\"async\" width=\"724\" height=\"1024\" data-id=\"3862\" src=\"https:\/\/www.szentimrekorhaz.hu\/wp-content\/uploads\/2026\/03\/5-2-724x1024.jpg\" alt=\"\" class=\"wp-image-3862\" srcset=\"https:\/\/www.szentimrekorhaz.hu\/wp-content\/uploads\/2026\/03\/5-2-724x1024.jpg 724w, https:\/\/www.szentimrekorhaz.hu\/wp-content\/uploads\/2026\/03\/5-2-212x300.jpg 212w, https:\/\/www.szentimrekorhaz.hu\/wp-content\/uploads\/2026\/03\/5-2-768x1086.jpg 768w, https:\/\/www.szentimrekorhaz.hu\/wp-content\/uploads\/2026\/03\/5-2-1086x1536.jpg 1086w, https:\/\/www.szentimrekorhaz.hu\/wp-content\/uploads\/2026\/03\/5-2.jpg 1414w\" sizes=\"(max-width: 724px) 100vw, 724px\" \/><\/figure>\n\n\n\n<figure class=\"wp-block-image size-large\"><img decoding=\"async\" width=\"724\" height=\"1024\" data-id=\"3861\" src=\"https:\/\/www.szentimrekorhaz.hu\/wp-content\/uploads\/2026\/03\/4-2-724x1024.jpg\" alt=\"\" class=\"wp-image-3861\" srcset=\"https:\/\/www.szentimrekorhaz.hu\/wp-content\/uploads\/2026\/03\/4-2-724x1024.jpg 724w, https:\/\/www.szentimrekorhaz.hu\/wp-content\/uploads\/2026\/03\/4-2-212x300.jpg 212w, https:\/\/www.szentimrekorhaz.hu\/wp-content\/uploads\/2026\/03\/4-2-768x1086.jpg 768w, https:\/\/www.szentimrekorhaz.hu\/wp-content\/uploads\/2026\/03\/4-2-1086x1536.jpg 1086w, https:\/\/www.szentimrekorhaz.hu\/wp-content\/uploads\/2026\/03\/4-2.jpg 1414w\" sizes=\"(max-width: 724px) 100vw, 724px\" \/><\/figure>\n<\/figure>\n\n\n\n<figure class=\"wp-block-gallery has-nested-images columns-default is-cropped wp-block-gallery-2 is-layout-flex wp-block-gallery-is-layout-flex\">\n<figure class=\"wp-block-image size-large\"><img decoding=\"async\" width=\"724\" height=\"1024\" data-id=\"3867\" src=\"https:\/\/www.szentimrekorhaz.hu\/wp-content\/uploads\/2026\/03\/3-3-724x1024.jpg\" alt=\"\" class=\"wp-image-3867\" srcset=\"https:\/\/www.szentimrekorhaz.hu\/wp-content\/uploads\/2026\/03\/3-3-724x1024.jpg 724w, https:\/\/www.szentimrekorhaz.hu\/wp-content\/uploads\/2026\/03\/3-3-212x300.jpg 212w, https:\/\/www.szentimrekorhaz.hu\/wp-content\/uploads\/2026\/03\/3-3-768x1086.jpg 768w, https:\/\/www.szentimrekorhaz.hu\/wp-content\/uploads\/2026\/03\/3-3-1086x1536.jpg 1086w, https:\/\/www.szentimrekorhaz.hu\/wp-content\/uploads\/2026\/03\/3-3.jpg 1414w\" sizes=\"(max-width: 724px) 100vw, 724px\" \/><\/figure>\n\n\n\n<figure class=\"wp-block-image size-large\"><img decoding=\"async\" width=\"724\" height=\"1024\" data-id=\"3868\" src=\"https:\/\/www.szentimrekorhaz.hu\/wp-content\/uploads\/2026\/03\/2-4-724x1024.jpg\" alt=\"\" class=\"wp-image-3868\" srcset=\"https:\/\/www.szentimrekorhaz.hu\/wp-content\/uploads\/2026\/03\/2-4-724x1024.jpg 724w, https:\/\/www.szentimrekorhaz.hu\/wp-content\/uploads\/2026\/03\/2-4-212x300.jpg 212w, https:\/\/www.szentimrekorhaz.hu\/wp-content\/uploads\/2026\/03\/2-4-768x1086.jpg 768w, https:\/\/www.szentimrekorhaz.hu\/wp-content\/uploads\/2026\/03\/2-4-1086x1536.jpg 1086w, https:\/\/www.szentimrekorhaz.hu\/wp-content\/uploads\/2026\/03\/2-4.jpg 1414w\" sizes=\"(max-width: 724px) 100vw, 724px\" \/><\/figure>\n\n\n\n<figure class=\"wp-block-image size-large\"><img decoding=\"async\" width=\"724\" height=\"1024\" data-id=\"3869\" src=\"https:\/\/www.szentimrekorhaz.hu\/wp-content\/uploads\/2026\/03\/1-4-724x1024.jpg\" alt=\"\" class=\"wp-image-3869\" srcset=\"https:\/\/www.szentimrekorhaz.hu\/wp-content\/uploads\/2026\/03\/1-4-724x1024.jpg 724w, https:\/\/www.szentimrekorhaz.hu\/wp-content\/uploads\/2026\/03\/1-4-212x300.jpg 212w, https:\/\/www.szentimrekorhaz.hu\/wp-content\/uploads\/2026\/03\/1-4-768x1086.jpg 768w, https:\/\/www.szentimrekorhaz.hu\/wp-content\/uploads\/2026\/03\/1-4-1086x1536.jpg 1086w, https:\/\/www.szentimrekorhaz.hu\/wp-content\/uploads\/2026\/03\/1-4.jpg 1414w\" sizes=\"(max-width: 724px) 100vw, 724px\" \/><\/figure>\n<\/figure>\n\n\n\n<figure class=\"wp-block-image size-large\"><img decoding=\"async\" width=\"940\" height=\"788\" src=\"https:\/\/www.szentimrekorhaz.hu\/wp-content\/uploads\/2026\/03\/jo-tablo-1.png\" alt=\"\" class=\"wp-image-3873\" srcset=\"https:\/\/www.szentimrekorhaz.hu\/wp-content\/uploads\/2026\/03\/jo-tablo-1.png 940w, https:\/\/www.szentimrekorhaz.hu\/wp-content\/uploads\/2026\/03\/jo-tablo-1-300x251.png 300w, https:\/\/www.szentimrekorhaz.hu\/wp-content\/uploads\/2026\/03\/jo-tablo-1-768x644.png 768w\" sizes=\"(max-width: 940px) 100vw, 940px\" \/><\/figure>\n\n\n\n<p><\/p>\n\n\n\n\t<div class=\"dkpdf-button-container\" style=\"            text-align:right \">\n\n\t\t<a class=\"dkpdf-button\" href=\"\/index.php\/wp-json\/wp\/v2\/posts\/3821?pdf=3821\" target=\"_blank\"><span class=\"dkpdf-button-icon\"><i class=\"fa fa-file-pdf-o\"><\/i><\/span> Let\u00f6lt\u00e9s<\/a>\n\n\t<\/div>\n\n\n\n\n\n","protected":false},"excerpt":{"rendered":"<p>\u00d6r\u00f6mmel \u00e9s b\u00fcszk\u00e9n osztjuk meg, hogy int\u00e9zm\u00e9ny\u00fcnk t\u00f6bb orvos\u00e1t is jel\u00f6lt\u00e9k az idei Szent-Gy\u00f6rgyi Albert Orvosi D\u00edjra, arra az elismer\u00e9sre, amely Szent-Gy\u00f6rgyi Albert szellemis\u00e9g\u00e9t viszi&hellip;<\/p>\n","protected":false},"author":26,"featured_media":3870,"comment_status":"closed","ping_status":"closed","sticky":false,"template":"","format":"standard","meta":{"_acf_changed":false,"_uag_custom_page_level_css":"","footnotes":""},"categories":[37,1,21],"tags":[],"class_list":["post-3821","post","type-post","status-publish","format-standard","has-post-thumbnail","hentry","category-cimlaphirek","category-egyeb","category-hirek"],"acf":[],"yoast_head":"<!-- This site is optimized with the Yoast SEO plugin v28.2 - https:\/\/yoast.com\/product\/yoast-seo-wordpress\/ -->\n<title>Szent-Gy\u00f6rgyi Albert Orvosi D\u00edjra jel\u00f6ltek - D\u00e9l-budai Centrumk\u00f3rh\u00e1z<\/title>\n<meta name=\"robots\" content=\"index, follow, max-snippet:-1, max-image-preview:large, max-video-preview:-1\" \/>\n<link rel=\"canonical\" href=\"https:\/\/www.szentimrekorhaz.hu\/index.php\/szent-gyorgyi-albert-orvosi-dijra-jeloltek\/\" \/>\n<meta property=\"og:locale\" content=\"hu_HU\" \/>\n<meta property=\"og:type\" content=\"article\" \/>\n<meta property=\"og:title\" content=\"Szent-Gy\u00f6rgyi Albert Orvosi D\u00edjra jel\u00f6ltek - D\u00e9l-budai Centrumk\u00f3rh\u00e1z\" \/>\n<meta property=\"og:description\" content=\"\u00d6r\u00f6mmel \u00e9s b\u00fcszk\u00e9n osztjuk meg, hogy int\u00e9zm\u00e9ny\u00fcnk t\u00f6bb orvos\u00e1t is jel\u00f6lt\u00e9k az idei Szent-Gy\u00f6rgyi Albert Orvosi D\u00edjra, arra az elismer\u00e9sre, amely Szent-Gy\u00f6rgyi Albert szellemis\u00e9g\u00e9t viszi&hellip;\" \/>\n<meta property=\"og:url\" content=\"https:\/\/www.szentimrekorhaz.hu\/index.php\/szent-gyorgyi-albert-orvosi-dijra-jeloltek\/\" \/>\n<meta property=\"og:site_name\" content=\"D\u00e9l-budai Centrumk\u00f3rh\u00e1z\" \/>\n<meta property=\"article:publisher\" content=\"https:\/\/www.facebook.com\/szentimrekorhaz\" \/>\n<meta property=\"article:published_time\" content=\"2026-03-03T09:48:31+00:00\" \/>\n<meta property=\"article:modified_time\" content=\"2026-03-03T12:40:43+00:00\" \/>\n<meta property=\"og:image\" content=\"https:\/\/www.szentimrekorhaz.hu\/wp-content\/uploads\/2026\/03\/jo-tablo.png\" \/>\n\t<meta property=\"og:image:width\" content=\"940\" \/>\n\t<meta property=\"og:image:height\" content=\"788\" \/>\n\t<meta property=\"og:image:type\" content=\"image\/png\" \/>\n<meta name=\"author\" content=\"Dar\u00e1zs \u00c1gnes\" \/>\n<meta name=\"twitter:card\" content=\"summary_large_image\" \/>\n<meta name=\"twitter:label1\" content=\"Written by\" \/>\n\t<meta name=\"twitter:data1\" content=\"Dar\u00e1zs \u00c1gnes\" \/>\n\t<meta name=\"twitter:label2\" content=\"Est. reading time\" \/>\n\t<meta name=\"twitter:data2\" content=\"1 perc\" \/>\n<script type=\"application\/ld+json\" class=\"yoast-schema-graph\">{\"@context\":\"https:\\\/\\\/schema.org\",\"@graph\":[{\"@type\":\"Article\",\"@id\":\"https:\\\/\\\/www.szentimrekorhaz.hu\\\/index.php\\\/szent-gyorgyi-albert-orvosi-dijra-jeloltek\\\/#article\",\"isPartOf\":{\"@id\":\"https:\\\/\\\/www.szentimrekorhaz.hu\\\/index.php\\\/szent-gyorgyi-albert-orvosi-dijra-jeloltek\\\/\"},\"author\":{\"name\":\"Dar\u00e1zs \u00c1gnes\",\"@id\":\"https:\\\/\\\/www.szentimrekorhaz.hu\\\/#\\\/schema\\\/person\\\/badc69c2b34d7bc30ce640daf9e47027\"},\"headline\":\"Szent-Gy\u00f6rgyi Albert Orvosi D\u00edjra jel\u00f6ltek\",\"datePublished\":\"2026-03-03T09:48:31+00:00\",\"dateModified\":\"2026-03-03T12:40:43+00:00\",\"mainEntityOfPage\":{\"@id\":\"https:\\\/\\\/www.szentimrekorhaz.hu\\\/index.php\\\/szent-gyorgyi-albert-orvosi-dijra-jeloltek\\\/\"},\"wordCount\":175,\"publisher\":{\"@id\":\"https:\\\/\\\/www.szentimrekorhaz.hu\\\/#organization\"},\"image\":{\"@id\":\"https:\\\/\\\/www.szentimrekorhaz.hu\\\/index.php\\\/szent-gyorgyi-albert-orvosi-dijra-jeloltek\\\/#primaryimage\"},\"thumbnailUrl\":\"https:\\\/\\\/www.szentimrekorhaz.hu\\\/wp-content\\\/uploads\\\/2026\\\/03\\\/jo-tablo.png\",\"articleSection\":{\"0\":\"C\u00edmlaph\u00edrek\",\"2\":\"H\u00edrek\"},\"inLanguage\":\"hu\"},{\"@type\":\"WebPage\",\"@id\":\"https:\\\/\\\/www.szentimrekorhaz.hu\\\/index.php\\\/szent-gyorgyi-albert-orvosi-dijra-jeloltek\\\/\",\"url\":\"https:\\\/\\\/www.szentimrekorhaz.hu\\\/index.php\\\/szent-gyorgyi-albert-orvosi-dijra-jeloltek\\\/\",\"name\":\"Szent-Gy\u00f6rgyi Albert Orvosi D\u00edjra jel\u00f6ltek - D\u00e9l-budai Centrumk\u00f3rh\u00e1z\",\"isPartOf\":{\"@id\":\"https:\\\/\\\/www.szentimrekorhaz.hu\\\/#website\"},\"primaryImageOfPage\":{\"@id\":\"https:\\\/\\\/www.szentimrekorhaz.hu\\\/index.php\\\/szent-gyorgyi-albert-orvosi-dijra-jeloltek\\\/#primaryimage\"},\"image\":{\"@id\":\"https:\\\/\\\/www.szentimrekorhaz.hu\\\/index.php\\\/szent-gyorgyi-albert-orvosi-dijra-jeloltek\\\/#primaryimage\"},\"thumbnailUrl\":\"https:\\\/\\\/www.szentimrekorhaz.hu\\\/wp-content\\\/uploads\\\/2026\\\/03\\\/jo-tablo.png\",\"datePublished\":\"2026-03-03T09:48:31+00:00\",\"dateModified\":\"2026-03-03T12:40:43+00:00\",\"breadcrumb\":{\"@id\":\"https:\\\/\\\/www.szentimrekorhaz.hu\\\/index.php\\\/szent-gyorgyi-albert-orvosi-dijra-jeloltek\\\/#breadcrumb\"},\"inLanguage\":\"hu\",\"potentialAction\":[{\"@type\":\"ReadAction\",\"target\":[\"https:\\\/\\\/www.szentimrekorhaz.hu\\\/index.php\\\/szent-gyorgyi-albert-orvosi-dijra-jeloltek\\\/\"]}]},{\"@type\":\"ImageObject\",\"inLanguage\":\"hu\",\"@id\":\"https:\\\/\\\/www.szentimrekorhaz.hu\\\/index.php\\\/szent-gyorgyi-albert-orvosi-dijra-jeloltek\\\/#primaryimage\",\"url\":\"https:\\\/\\\/www.szentimrekorhaz.hu\\\/wp-content\\\/uploads\\\/2026\\\/03\\\/jo-tablo.png\",\"contentUrl\":\"https:\\\/\\\/www.szentimrekorhaz.hu\\\/wp-content\\\/uploads\\\/2026\\\/03\\\/jo-tablo.png\",\"width\":940,\"height\":788},{\"@type\":\"BreadcrumbList\",\"@id\":\"https:\\\/\\\/www.szentimrekorhaz.hu\\\/index.php\\\/szent-gyorgyi-albert-orvosi-dijra-jeloltek\\\/#breadcrumb\",\"itemListElement\":[{\"@type\":\"ListItem\",\"position\":1,\"name\":\"Home\",\"item\":\"https:\\\/\\\/www.szentimrekorhaz.hu\\\/\"},{\"@type\":\"ListItem\",\"position\":2,\"name\":\"Szent-Gy\u00f6rgyi Albert Orvosi D\u00edjra jel\u00f6ltek\"}]},{\"@type\":\"WebSite\",\"@id\":\"https:\\\/\\\/www.szentimrekorhaz.hu\\\/#website\",\"url\":\"https:\\\/\\\/www.szentimrekorhaz.hu\\\/\",\"name\":\"D\u00e9l-budai Centrumk\u00f3rh\u00e1z Szent Imre Egyetemi Oktat\u00f3k\u00f3rh\u00e1z\",\"description\":\"Szent Imre Egyetemi Oktat\u00f3k\u00f3rh\u00e1z\",\"publisher\":{\"@id\":\"https:\\\/\\\/www.szentimrekorhaz.hu\\\/#organization\"},\"potentialAction\":[{\"@type\":\"SearchAction\",\"target\":{\"@type\":\"EntryPoint\",\"urlTemplate\":\"https:\\\/\\\/www.szentimrekorhaz.hu\\\/?s={search_term_string}\"},\"query-input\":{\"@type\":\"PropertyValueSpecification\",\"valueRequired\":true,\"valueName\":\"search_term_string\"}}],\"inLanguage\":\"hu\"},{\"@type\":\"Organization\",\"@id\":\"https:\\\/\\\/www.szentimrekorhaz.hu\\\/#organization\",\"name\":\"D\u00e9l-budai Centrumk\u00f3rh\u00e1z Szent Imre Egyetemi Oktat\u00f3k\u00f3rh\u00e1z\",\"url\":\"https:\\\/\\\/www.szentimrekorhaz.hu\\\/\",\"logo\":{\"@type\":\"ImageObject\",\"inLanguage\":\"hu\",\"@id\":\"https:\\\/\\\/www.szentimrekorhaz.hu\\\/#\\\/schema\\\/logo\\\/image\\\/\",\"url\":\"https:\\\/\\\/www.szentimrekorhaz.hu\\\/wp-content\\\/uploads\\\/2025\\\/05\\\/cropped-logo.png\",\"contentUrl\":\"https:\\\/\\\/www.szentimrekorhaz.hu\\\/wp-content\\\/uploads\\\/2025\\\/05\\\/cropped-logo.png\",\"width\":577,\"height\":577,\"caption\":\"D\u00e9l-budai Centrumk\u00f3rh\u00e1z Szent Imre Egyetemi Oktat\u00f3k\u00f3rh\u00e1z\"},\"image\":{\"@id\":\"https:\\\/\\\/www.szentimrekorhaz.hu\\\/#\\\/schema\\\/logo\\\/image\\\/\"},\"sameAs\":[\"https:\\\/\\\/www.facebook.com\\\/szentimrekorhaz\",\"https:\\\/\\\/www.instagram.com\\\/szentimrekorhaz\"]},{\"@type\":\"Person\",\"@id\":\"https:\\\/\\\/www.szentimrekorhaz.hu\\\/#\\\/schema\\\/person\\\/badc69c2b34d7bc30ce640daf9e47027\",\"name\":\"Dar\u00e1zs \u00c1gnes\",\"url\":\"https:\\\/\\\/www.szentimrekorhaz.hu\\\/index.php\\\/author\\\/darazsa\\\/\"}]}<\/script>\n<!-- \/ Yoast SEO plugin. -->","yoast_head_json":{"title":"Szent-Gy\u00f6rgyi Albert Orvosi D\u00edjra jel\u00f6ltek - D\u00e9l-budai Centrumk\u00f3rh\u00e1z","robots":{"index":"index","follow":"follow","max-snippet":"max-snippet:-1","max-image-preview":"max-image-preview:large","max-video-preview":"max-video-preview:-1"},"canonical":"https:\/\/www.szentimrekorhaz.hu\/index.php\/szent-gyorgyi-albert-orvosi-dijra-jeloltek\/","og_locale":"hu_HU","og_type":"article","og_title":"Szent-Gy\u00f6rgyi Albert Orvosi D\u00edjra jel\u00f6ltek - D\u00e9l-budai Centrumk\u00f3rh\u00e1z","og_description":"\u00d6r\u00f6mmel \u00e9s b\u00fcszk\u00e9n osztjuk meg, hogy int\u00e9zm\u00e9ny\u00fcnk t\u00f6bb orvos\u00e1t is jel\u00f6lt\u00e9k az idei Szent-Gy\u00f6rgyi Albert Orvosi D\u00edjra, arra az elismer\u00e9sre, amely Szent-Gy\u00f6rgyi Albert szellemis\u00e9g\u00e9t viszi&hellip;","og_url":"https:\/\/www.szentimrekorhaz.hu\/index.php\/szent-gyorgyi-albert-orvosi-dijra-jeloltek\/","og_site_name":"D\u00e9l-budai Centrumk\u00f3rh\u00e1z","article_publisher":"https:\/\/www.facebook.com\/szentimrekorhaz","article_published_time":"2026-03-03T09:48:31+00:00","article_modified_time":"2026-03-03T12:40:43+00:00","og_image":[{"width":940,"height":788,"url":"https:\/\/www.szentimrekorhaz.hu\/wp-content\/uploads\/2026\/03\/jo-tablo.png","type":"image\/png"}],"author":"Dar\u00e1zs \u00c1gnes","twitter_card":"summary_large_image","twitter_misc":{"Written by":"Dar\u00e1zs \u00c1gnes","Est. reading time":"1 perc"},"schema":{"@context":"https:\/\/schema.org","@graph":[{"@type":"Article","@id":"https:\/\/www.szentimrekorhaz.hu\/index.php\/szent-gyorgyi-albert-orvosi-dijra-jeloltek\/#article","isPartOf":{"@id":"https:\/\/www.szentimrekorhaz.hu\/index.php\/szent-gyorgyi-albert-orvosi-dijra-jeloltek\/"},"author":{"name":"Dar\u00e1zs \u00c1gnes","@id":"https:\/\/www.szentimrekorhaz.hu\/#\/schema\/person\/badc69c2b34d7bc30ce640daf9e47027"},"headline":"Szent-Gy\u00f6rgyi Albert Orvosi D\u00edjra jel\u00f6ltek","datePublished":"2026-03-03T09:48:31+00:00","dateModified":"2026-03-03T12:40:43+00:00","mainEntityOfPage":{"@id":"https:\/\/www.szentimrekorhaz.hu\/index.php\/szent-gyorgyi-albert-orvosi-dijra-jeloltek\/"},"wordCount":175,"publisher":{"@id":"https:\/\/www.szentimrekorhaz.hu\/#organization"},"image":{"@id":"https:\/\/www.szentimrekorhaz.hu\/index.php\/szent-gyorgyi-albert-orvosi-dijra-jeloltek\/#primaryimage"},"thumbnailUrl":"https:\/\/www.szentimrekorhaz.hu\/wp-content\/uploads\/2026\/03\/jo-tablo.png","articleSection":{"0":"C\u00edmlaph\u00edrek","2":"H\u00edrek"},"inLanguage":"hu"},{"@type":"WebPage","@id":"https:\/\/www.szentimrekorhaz.hu\/index.php\/szent-gyorgyi-albert-orvosi-dijra-jeloltek\/","url":"https:\/\/www.szentimrekorhaz.hu\/index.php\/szent-gyorgyi-albert-orvosi-dijra-jeloltek\/","name":"Szent-Gy\u00f6rgyi Albert Orvosi D\u00edjra jel\u00f6ltek - D\u00e9l-budai Centrumk\u00f3rh\u00e1z","isPartOf":{"@id":"https:\/\/www.szentimrekorhaz.hu\/#website"},"primaryImageOfPage":{"@id":"https:\/\/www.szentimrekorhaz.hu\/index.php\/szent-gyorgyi-albert-orvosi-dijra-jeloltek\/#primaryimage"},"image":{"@id":"https:\/\/www.szentimrekorhaz.hu\/index.php\/szent-gyorgyi-albert-orvosi-dijra-jeloltek\/#primaryimage"},"thumbnailUrl":"https:\/\/www.szentimrekorhaz.hu\/wp-content\/uploads\/2026\/03\/jo-tablo.png","datePublished":"2026-03-03T09:48:31+00:00","dateModified":"2026-03-03T12:40:43+00:00","breadcrumb":{"@id":"https:\/\/www.szentimrekorhaz.hu\/index.php\/szent-gyorgyi-albert-orvosi-dijra-jeloltek\/#breadcrumb"},"inLanguage":"hu","potentialAction":[{"@type":"ReadAction","target":["https:\/\/www.szentimrekorhaz.hu\/index.php\/szent-gyorgyi-albert-orvosi-dijra-jeloltek\/"]}]},{"@type":"ImageObject","inLanguage":"hu","@id":"https:\/\/www.szentimrekorhaz.hu\/index.php\/szent-gyorgyi-albert-orvosi-dijra-jeloltek\/#primaryimage","url":"https:\/\/www.szentimrekorhaz.hu\/wp-content\/uploads\/2026\/03\/jo-tablo.png","contentUrl":"https:\/\/www.szentimrekorhaz.hu\/wp-content\/uploads\/2026\/03\/jo-tablo.png","width":940,"height":788},{"@type":"BreadcrumbList","@id":"https:\/\/www.szentimrekorhaz.hu\/index.php\/szent-gyorgyi-albert-orvosi-dijra-jeloltek\/#breadcrumb","itemListElement":[{"@type":"ListItem","position":1,"name":"Home","item":"https:\/\/www.szentimrekorhaz.hu\/"},{"@type":"ListItem","position":2,"name":"Szent-Gy\u00f6rgyi Albert Orvosi D\u00edjra jel\u00f6ltek"}]},{"@type":"WebSite","@id":"https:\/\/www.szentimrekorhaz.hu\/#website","url":"https:\/\/www.szentimrekorhaz.hu\/","name":"D\u00e9l-budai Centrumk\u00f3rh\u00e1z Szent Imre Egyetemi Oktat\u00f3k\u00f3rh\u00e1z","description":"Szent Imre Egyetemi Oktat\u00f3k\u00f3rh\u00e1z","publisher":{"@id":"https:\/\/www.szentimrekorhaz.hu\/#organization"},"potentialAction":[{"@type":"SearchAction","target":{"@type":"EntryPoint","urlTemplate":"https:\/\/www.szentimrekorhaz.hu\/?s={search_term_string}"},"query-input":{"@type":"PropertyValueSpecification","valueRequired":true,"valueName":"search_term_string"}}],"inLanguage":"hu"},{"@type":"Organization","@id":"https:\/\/www.szentimrekorhaz.hu\/#organization","name":"D\u00e9l-budai Centrumk\u00f3rh\u00e1z Szent Imre Egyetemi Oktat\u00f3k\u00f3rh\u00e1z","url":"https:\/\/www.szentimrekorhaz.hu\/","logo":{"@type":"ImageObject","inLanguage":"hu","@id":"https:\/\/www.szentimrekorhaz.hu\/#\/schema\/logo\/image\/","url":"https:\/\/www.szentimrekorhaz.hu\/wp-content\/uploads\/2025\/05\/cropped-logo.png","contentUrl":"https:\/\/www.szentimrekorhaz.hu\/wp-content\/uploads\/2025\/05\/cropped-logo.png","width":577,"height":577,"caption":"D\u00e9l-budai Centrumk\u00f3rh\u00e1z Szent Imre Egyetemi Oktat\u00f3k\u00f3rh\u00e1z"},"image":{"@id":"https:\/\/www.szentimrekorhaz.hu\/#\/schema\/logo\/image\/"},"sameAs":["https:\/\/www.facebook.com\/szentimrekorhaz","https:\/\/www.instagram.com\/szentimrekorhaz"]},{"@type":"Person","@id":"https:\/\/www.szentimrekorhaz.hu\/#\/schema\/person\/badc69c2b34d7bc30ce640daf9e47027","name":"Dar\u00e1zs \u00c1gnes","url":"https:\/\/www.szentimrekorhaz.hu\/index.php\/author\/darazsa\/"}]}},"uagb_featured_image_src":{"full":["https:\/\/www.szentimrekorhaz.hu\/wp-content\/uploads\/2026\/03\/jo-tablo.png",940,788,false],"thumbnail":["https:\/\/www.szentimrekorhaz.hu\/wp-content\/uploads\/2026\/03\/jo-tablo-150x150.png",150,150,true],"medium":["https:\/\/www.szentimrekorhaz.hu\/wp-content\/uploads\/2026\/03\/jo-tablo-300x251.png",300,251,true],"medium_large":["https:\/\/www.szentimrekorhaz.hu\/wp-content\/uploads\/2026\/03\/jo-tablo-768x644.png",768,644,true],"large":["https:\/\/www.szentimrekorhaz.hu\/wp-content\/uploads\/2026\/03\/jo-tablo.png",843,707,false],"1536x1536":["https:\/\/www.szentimrekorhaz.hu\/wp-content\/uploads\/2026\/03\/jo-tablo.png",940,788,false],"2048x2048":["https:\/\/www.szentimrekorhaz.hu\/wp-content\/uploads\/2026\/03\/jo-tablo.png",940,788,false],"410x410":["https:\/\/www.szentimrekorhaz.hu\/wp-content\/uploads\/2026\/03\/jo-tablo-410x410.png",410,410,true]},"uagb_author_info":{"display_name":"Dar\u00e1zs \u00c1gnes","author_link":"https:\/\/www.szentimrekorhaz.hu\/index.php\/author\/darazsa\/"},"uagb_comment_info":0,"uagb_excerpt":"\u00d6r\u00f6mmel \u00e9s b\u00fcszk\u00e9n osztjuk meg, hogy int\u00e9zm\u00e9ny\u00fcnk t\u00f6bb orvos\u00e1t is jel\u00f6lt\u00e9k az idei Szent-Gy\u00f6rgyi Albert Orvosi D\u00edjra, arra az elismer\u00e9sre, amely Szent-Gy\u00f6rgyi Albert szellemis\u00e9g\u00e9t viszi&hellip;","post_type":"post","author_name":"Dar\u00e1zs \u00c1gnes","_links":{"self":[{"href":"https:\/\/www.szentimrekorhaz.hu\/index.php\/wp-json\/wp\/v2\/posts\/3821","targetHints":{"allow":["GET"]}}],"collection":[{"href":"https:\/\/www.szentimrekorhaz.hu\/index.php\/wp-json\/wp\/v2\/posts"}],"about":[{"href":"https:\/\/www.szentimrekorhaz.hu\/index.php\/wp-json\/wp\/v2\/types\/post"}],"author":[{"embeddable":true,"href":"https:\/\/www.szentimrekorhaz.hu\/index.php\/wp-json\/wp\/v2\/users\/26"}],"replies":[{"embeddable":true,"href":"https:\/\/www.szentimrekorhaz.hu\/index.php\/wp-json\/wp\/v2\/comments?post=3821"}],"version-history":[{"count":6,"href":"https:\/\/www.szentimrekorhaz.hu\/index.php\/wp-json\/wp\/v2\/posts\/3821\/revisions"}],"predecessor-version":[{"id":3875,"href":"https:\/\/www.szentimrekorhaz.hu\/index.php\/wp-json\/wp\/v2\/posts\/3821\/revisions\/3875"}],"wp:featuredmedia":[{"embeddable":true,"href":"https:\/\/www.szentimrekorhaz.hu\/index.php\/wp-json\/wp\/v2\/media\/3870"}],"wp:attachment":[{"href":"https:\/\/www.szentimrekorhaz.hu\/index.php\/wp-json\/wp\/v2\/media?parent=3821"}],"wp:term":[{"taxonomy":"category","embeddable":true,"href":"https:\/\/www.szentimrekorhaz.hu\/index.php\/wp-json\/wp\/v2\/categories?post=3821"},{"taxonomy":"post_tag","embeddable":true,"href":"https:\/\/www.szentimrekorhaz.hu\/index.php\/wp-json\/wp\/v2\/tags?post=3821"}],"curies":[{"name":"wp","href":"https:\/\/api.w.org\/{rel}","templated":true}]}}