{"id":5669,"date":"2026-09-03T12:13:43","date_gmt":"2026-09-03T10:13:43","guid":{"rendered":"https:\/\/www.szentimrekorhaz.hu\/?p=5669"},"modified":"2026-09-03T12:13:44","modified_gmt":"2026-09-03T10:13:44","slug":"tajekoztatas-a-szent-imre-korhaz-szuleszeti-osztalyanak-ellatasi-szemleleterol","status":"publish","type":"post","link":"https:\/\/www.szentimrekorhaz.hu\/index.php\/tajekoztatas-a-szent-imre-korhaz-szuleszeti-osztalyanak-ellatasi-szemleleterol\/","title":{"rendered":"T\u00e1j\u00e9koztat\u00e1s a Szent Imre K\u00f3rh\u00e1z Sz\u00fcl\u00e9szeti Oszt\u00e1ly\u00e1nak ell\u00e1t\u00e1si szeml\u00e9let\u00e9r\u0151l"},"content":{"rendered":"\n<p>Tisztelt V\u00e1rand\u00f3sok, leend\u0151 Sz\u00fcl\u0151k!<br><br>A Szent Imre K\u00f3rh\u00e1z Sz\u00fcl\u00e9szeti Oszt\u00e1lya elk\u00f6telezett amellett, hogy a hozz\u00e1 fordul\u00f3 \u00e9desany\u00e1k \u00e9s \u00fajsz\u00fcl\u00f6ttek sz\u00e1m\u00e1ra biztons\u00e1gos, szakmailag megalapozott, a jelenlegi hazai \u00e9s nemzetk\u00f6zi ir\u00e1nyelveknek megfelel\u0151 sz\u00fcl\u00e9szeti ell\u00e1t\u00e1st biztos\u00edtson. M\u0171k\u00f6d\u00e9s\u00fcnk sor\u00e1n k\u00fcl\u00f6n\u00f6s figyelmet ford\u00edtunk arra, hogy a Bel\u00fcgyminiszt\u00e9rium 2025. febru\u00e1r 19-\u00e9n megjelent \u201e<em>A csal\u00e1dk\u00f6zpont\u00fa elvekre \u00e9p\u00fcl\u0151 sz\u00fcl\u00e9szeti \u00e9s \u00fajsz\u00fcl\u00f6tt ell\u00e1t\u00e1s<\/em>\u201d c. protokoll el\u0151\u00edr\u00e1sait betartsuk.<\/p>\n\n\n\n<p>Oszt\u00e1lyunk m\u0171k\u00f6d\u00e9se a k\u00f3rh\u00e1zi ell\u00e1t\u00e1s keretein bel\u00fcl, egys\u00e9ges szakmai protokollok szerint t\u00f6rt\u00e9nik. Ennek r\u00e9sze a vaj\u00fad\u00e1s \u00e9s sz\u00fcl\u00e9s term\u00e9szetes folyamatainak t\u00e1mogat\u00e1sa, ugyanakkor sz\u00fcks\u00e9g eset\u00e9n az anya \u00e9s a magzat biztons\u00e1g\u00e1t szolg\u00e1l\u00f3 orvosi beavatkoz\u00e1sok alkalmaz\u00e1sa is.<\/p>\n\n\n\n<p>Fontosnak tartjuk el\u0151re jelezni, hogy int\u00e9zm\u00e9ny\u00fcnk jelenlegi m\u0171k\u00f6d\u00e9si felt\u00e9telei mellett nem tudja v\u00e1llalni olyan ell\u00e1t\u00e1si ig\u00e9nyek teljes\u00edt\u00e9s\u00e9t, amelyek alapvet\u0151en kiz\u00e1rj\u00e1k a k\u00f3rh\u00e1zi szakmai protokollok alkalmaz\u00e1s\u00e1t, illetve a sz\u00fcks\u00e9g eset\u00e9n javasolt orvosi beavatkoz\u00e1sok elfogad\u00e1s\u00e1t.<\/p>\n\n\n\n<p>K\u00e9rj\u00fck azokat a v\u00e1rand\u00f3sokat, akik sz\u00fcl\u00e9ssel kapcsolatos elk\u00e9pzel\u00e9seik alapj\u00e1n kiz\u00e1r\u00f3lag beavatkoz\u00e1smentes, alternat\u00edv szeml\u00e9let\u0171 sz\u00fcl\u00e9szeti ell\u00e1t\u00e1st keresnek, vegy\u00e9k figyelembe, hogy oszt\u00e1lyunk ilyen ell\u00e1t\u00e1st nem tud biztos\u00edtani.<\/p>\n\n\n\n<p>A vaj\u00fad\u00e1s \u00e9s sz\u00fcl\u00e9s k\u00eds\u00e9r\u00e9s\u00e9hez egy, a sz\u00fcl\u0151n\u0151 \u00e1ltal megjel\u00f6lt szem\u00e9ly (f\u00e9rj, csal\u00e1dtag vagy d\u00fala) jelenl\u00e9t\u00e9re van lehet\u0151s\u00e9g. Ezzel kapcsolatban hivatkozunk a Protokoll 3. aj\u00e1nl\u00e1s\u00e1ra, miszerint \u201e<em>a vaj\u00fad\u00e1s \u00e9s a sz\u00fcl\u00e9s id\u0151szak\u00e1ban is biztos\u00edtani kell azt a lehet\u0151s\u00e9get, hogy az anya mellett egy, a sz\u00e1m\u00e1ra fontos k\u00eds\u00e9r\u0151 folyamatosan jelen lehessen<\/em>.\u201d M\u00e1sodik k\u00eds\u00e9r\u0151 szem\u00e9ly vaj\u00fad\u00e1s alatti jelenl\u00e9t\u00e9re nincs lehet\u0151s\u00e9g\u201d.<\/p>\n\n\n\n<p>B\u00edzunk benne, hogy a fenti t\u00e1j\u00e9koztat\u00e1s seg\u00edti a felel\u0151s, minden f\u00e9l sz\u00e1m\u00e1ra megnyugtat\u00f3 d\u00f6nt\u00e9st.<\/p>\n\n\n\n<p>Tisztelettel:<\/p>\n\n\n\n<p>A Szent Imre K\u00f3rh\u00e1z Sz\u00fcl\u00e9szeti Oszt\u00e1ly\u00e1nak munkat\u00e1rsai<\/p>\n\n\n\n\t<div class=\"dkpdf-button-container\" style=\"            text-align:right \">\n\n\t\t<a class=\"dkpdf-button\" href=\"\/index.php\/wp-json\/wp\/v2\/posts\/5669?pdf=5669\" target=\"_blank\"><span class=\"dkpdf-button-icon\"><i class=\"fa fa-file-pdf-o\"><\/i><\/span> Let\u00f6lt\u00e9s<\/a>\n\n\t<\/div>\n\n\n\n\n\n","protected":false},"excerpt":{"rendered":"<p>Tisztelt V\u00e1rand\u00f3sok, leend\u0151 Sz\u00fcl\u0151k! A Szent Imre K\u00f3rh\u00e1z Sz\u00fcl\u00e9szeti Oszt\u00e1lya elk\u00f6telezett amellett, hogy a hozz\u00e1 fordul\u00f3 \u00e9desany\u00e1k \u00e9s \u00fajsz\u00fcl\u00f6ttek sz\u00e1m\u00e1ra biztons\u00e1gos, szakmailag megalapozott, a jelenlegi&hellip;<\/p>\n","protected":false},"author":26,"featured_media":5670,"comment_status":"closed","ping_status":"closed","sticky":false,"template":"","format":"standard","meta":{"_acf_changed":false,"_uag_custom_page_level_css":"","footnotes":""},"categories":[37,21],"tags":[],"class_list":["post-5669","post","type-post","status-publish","format-standard","has-post-thumbnail","hentry","category-cimlaphirek","category-hirek"],"acf":[],"yoast_head":"<!-- This site is optimized with the Yoast SEO plugin v28.2 - https:\/\/yoast.com\/product\/yoast-seo-wordpress\/ -->\n<title>T\u00e1j\u00e9koztat\u00e1s a Szent Imre K\u00f3rh\u00e1z Sz\u00fcl\u00e9szeti Oszt\u00e1ly\u00e1nak ell\u00e1t\u00e1si szeml\u00e9let\u00e9r\u0151l - D\u00e9l-budai Centrumk\u00f3rh\u00e1z<\/title>\n<meta name=\"robots\" content=\"index, follow, max-snippet:-1, max-image-preview:large, max-video-preview:-1\" \/>\n<link rel=\"canonical\" href=\"https:\/\/www.szentimrekorhaz.hu\/index.php\/tajekoztatas-a-szent-imre-korhaz-szuleszeti-osztalyanak-ellatasi-szemleleterol\/\" \/>\n<meta property=\"og:locale\" content=\"hu_HU\" \/>\n<meta property=\"og:type\" content=\"article\" \/>\n<meta property=\"og:title\" content=\"T\u00e1j\u00e9koztat\u00e1s a Szent Imre K\u00f3rh\u00e1z Sz\u00fcl\u00e9szeti Oszt\u00e1ly\u00e1nak ell\u00e1t\u00e1si szeml\u00e9let\u00e9r\u0151l - D\u00e9l-budai Centrumk\u00f3rh\u00e1z\" \/>\n<meta property=\"og:description\" content=\"Tisztelt V\u00e1rand\u00f3sok, leend\u0151 Sz\u00fcl\u0151k! A Szent Imre K\u00f3rh\u00e1z Sz\u00fcl\u00e9szeti Oszt\u00e1lya elk\u00f6telezett amellett, hogy a hozz\u00e1 fordul\u00f3 \u00e9desany\u00e1k \u00e9s \u00fajsz\u00fcl\u00f6ttek sz\u00e1m\u00e1ra biztons\u00e1gos, szakmailag megalapozott, a jelenlegi&hellip;\" \/>\n<meta property=\"og:url\" content=\"https:\/\/www.szentimrekorhaz.hu\/index.php\/tajekoztatas-a-szent-imre-korhaz-szuleszeti-osztalyanak-ellatasi-szemleleterol\/\" \/>\n<meta property=\"og:site_name\" content=\"D\u00e9l-budai Centrumk\u00f3rh\u00e1z\" \/>\n<meta property=\"article:publisher\" content=\"https:\/\/www.facebook.com\/szentimrekorhaz\" \/>\n<meta property=\"article:published_time\" content=\"2026-09-03T10:13:43+00:00\" \/>\n<meta property=\"article:modified_time\" content=\"2026-09-03T10:13:44+00:00\" \/>\n<meta property=\"og:image\" content=\"https:\/\/www.szentimrekorhaz.hu\/wp-content\/uploads\/2026\/09\/Del-budai-Centrumkorhaz-Szent-Imre-Egyetemi-Oktatokorhaz-Facebook-bejegyzes-15.jpg\" \/>\n\t<meta property=\"og:image:width\" content=\"940\" \/>\n\t<meta property=\"og:image:height\" content=\"788\" \/>\n\t<meta property=\"og:image:type\" content=\"image\/jpeg\" \/>\n<meta name=\"author\" content=\"Dar\u00e1zs \u00c1gnes\" \/>\n<meta name=\"twitter:card\" content=\"summary_large_image\" \/>\n<meta name=\"twitter:label1\" content=\"Written by\" \/>\n\t<meta name=\"twitter:data1\" content=\"Dar\u00e1zs \u00c1gnes\" \/>\n\t<meta name=\"twitter:label2\" content=\"Est. reading time\" \/>\n\t<meta name=\"twitter:data2\" content=\"2 perc\" \/>\n<script type=\"application\/ld+json\" class=\"yoast-schema-graph\">{\"@context\":\"https:\\\/\\\/schema.org\",\"@graph\":[{\"@type\":\"Article\",\"@id\":\"https:\\\/\\\/www.szentimrekorhaz.hu\\\/index.php\\\/tajekoztatas-a-szent-imre-korhaz-szuleszeti-osztalyanak-ellatasi-szemleleterol\\\/#article\",\"isPartOf\":{\"@id\":\"https:\\\/\\\/www.szentimrekorhaz.hu\\\/index.php\\\/tajekoztatas-a-szent-imre-korhaz-szuleszeti-osztalyanak-ellatasi-szemleleterol\\\/\"},\"author\":{\"name\":\"Dar\u00e1zs \u00c1gnes\",\"@id\":\"https:\\\/\\\/www.szentimrekorhaz.hu\\\/#\\\/schema\\\/person\\\/badc69c2b34d7bc30ce640daf9e47027\"},\"headline\":\"T\u00e1j\u00e9koztat\u00e1s a Szent Imre K\u00f3rh\u00e1z Sz\u00fcl\u00e9szeti Oszt\u00e1ly\u00e1nak ell\u00e1t\u00e1si szeml\u00e9let\u00e9r\u0151l\",\"datePublished\":\"2026-09-03T10:13:43+00:00\",\"dateModified\":\"2026-09-03T10:13:44+00:00\",\"mainEntityOfPage\":{\"@id\":\"https:\\\/\\\/www.szentimrekorhaz.hu\\\/index.php\\\/tajekoztatas-a-szent-imre-korhaz-szuleszeti-osztalyanak-ellatasi-szemleleterol\\\/\"},\"wordCount\":441,\"publisher\":{\"@id\":\"https:\\\/\\\/www.szentimrekorhaz.hu\\\/#organization\"},\"image\":{\"@id\":\"https:\\\/\\\/www.szentimrekorhaz.hu\\\/index.php\\\/tajekoztatas-a-szent-imre-korhaz-szuleszeti-osztalyanak-ellatasi-szemleleterol\\\/#primaryimage\"},\"thumbnailUrl\":\"https:\\\/\\\/www.szentimrekorhaz.hu\\\/wp-content\\\/uploads\\\/2026\\\/09\\\/Del-budai-Centrumkorhaz-Szent-Imre-Egyetemi-Oktatokorhaz-Facebook-bejegyzes-15.jpg\",\"articleSection\":[\"C\u00edmlaph\u00edrek\",\"H\u00edrek\"],\"inLanguage\":\"hu\"},{\"@type\":\"WebPage\",\"@id\":\"https:\\\/\\\/www.szentimrekorhaz.hu\\\/index.php\\\/tajekoztatas-a-szent-imre-korhaz-szuleszeti-osztalyanak-ellatasi-szemleleterol\\\/\",\"url\":\"https:\\\/\\\/www.szentimrekorhaz.hu\\\/index.php\\\/tajekoztatas-a-szent-imre-korhaz-szuleszeti-osztalyanak-ellatasi-szemleleterol\\\/\",\"name\":\"T\u00e1j\u00e9koztat\u00e1s a Szent Imre K\u00f3rh\u00e1z Sz\u00fcl\u00e9szeti Oszt\u00e1ly\u00e1nak ell\u00e1t\u00e1si szeml\u00e9let\u00e9r\u0151l - D\u00e9l-budai Centrumk\u00f3rh\u00e1z\",\"isPartOf\":{\"@id\":\"https:\\\/\\\/www.szentimrekorhaz.hu\\\/#website\"},\"primaryImageOfPage\":{\"@id\":\"https:\\\/\\\/www.szentimrekorhaz.hu\\\/index.php\\\/tajekoztatas-a-szent-imre-korhaz-szuleszeti-osztalyanak-ellatasi-szemleleterol\\\/#primaryimage\"},\"image\":{\"@id\":\"https:\\\/\\\/www.szentimrekorhaz.hu\\\/index.php\\\/tajekoztatas-a-szent-imre-korhaz-szuleszeti-osztalyanak-ellatasi-szemleleterol\\\/#primaryimage\"},\"thumbnailUrl\":\"https:\\\/\\\/www.szentimrekorhaz.hu\\\/wp-content\\\/uploads\\\/2026\\\/09\\\/Del-budai-Centrumkorhaz-Szent-Imre-Egyetemi-Oktatokorhaz-Facebook-bejegyzes-15.jpg\",\"datePublished\":\"2026-09-03T10:13:43+00:00\",\"dateModified\":\"2026-09-03T10:13:44+00:00\",\"breadcrumb\":{\"@id\":\"https:\\\/\\\/www.szentimrekorhaz.hu\\\/index.php\\\/tajekoztatas-a-szent-imre-korhaz-szuleszeti-osztalyanak-ellatasi-szemleleterol\\\/#breadcrumb\"},\"inLanguage\":\"hu\",\"potentialAction\":[{\"@type\":\"ReadAction\",\"target\":[\"https:\\\/\\\/www.szentimrekorhaz.hu\\\/index.php\\\/tajekoztatas-a-szent-imre-korhaz-szuleszeti-osztalyanak-ellatasi-szemleleterol\\\/\"]}]},{\"@type\":\"ImageObject\",\"inLanguage\":\"hu\",\"@id\":\"https:\\\/\\\/www.szentimrekorhaz.hu\\\/index.php\\\/tajekoztatas-a-szent-imre-korhaz-szuleszeti-osztalyanak-ellatasi-szemleleterol\\\/#primaryimage\",\"url\":\"https:\\\/\\\/www.szentimrekorhaz.hu\\\/wp-content\\\/uploads\\\/2026\\\/09\\\/Del-budai-Centrumkorhaz-Szent-Imre-Egyetemi-Oktatokorhaz-Facebook-bejegyzes-15.jpg\",\"contentUrl\":\"https:\\\/\\\/www.szentimrekorhaz.hu\\\/wp-content\\\/uploads\\\/2026\\\/09\\\/Del-budai-Centrumkorhaz-Szent-Imre-Egyetemi-Oktatokorhaz-Facebook-bejegyzes-15.jpg\",\"width\":940,\"height\":788},{\"@type\":\"BreadcrumbList\",\"@id\":\"https:\\\/\\\/www.szentimrekorhaz.hu\\\/index.php\\\/tajekoztatas-a-szent-imre-korhaz-szuleszeti-osztalyanak-ellatasi-szemleleterol\\\/#breadcrumb\",\"itemListElement\":[{\"@type\":\"ListItem\",\"position\":1,\"name\":\"Home\",\"item\":\"https:\\\/\\\/www.szentimrekorhaz.hu\\\/\"},{\"@type\":\"ListItem\",\"position\":2,\"name\":\"T\u00e1j\u00e9koztat\u00e1s a Szent Imre K\u00f3rh\u00e1z Sz\u00fcl\u00e9szeti Oszt\u00e1ly\u00e1nak ell\u00e1t\u00e1si szeml\u00e9let\u00e9r\u0151l\"}]},{\"@type\":\"WebSite\",\"@id\":\"https:\\\/\\\/www.szentimrekorhaz.hu\\\/#website\",\"url\":\"https:\\\/\\\/www.szentimrekorhaz.hu\\\/\",\"name\":\"D\u00e9l-budai Centrumk\u00f3rh\u00e1z Szent Imre Egyetemi Oktat\u00f3k\u00f3rh\u00e1z\",\"description\":\"Szent Imre Egyetemi Oktat\u00f3k\u00f3rh\u00e1z\",\"publisher\":{\"@id\":\"https:\\\/\\\/www.szentimrekorhaz.hu\\\/#organization\"},\"potentialAction\":[{\"@type\":\"SearchAction\",\"target\":{\"@type\":\"EntryPoint\",\"urlTemplate\":\"https:\\\/\\\/www.szentimrekorhaz.hu\\\/?s={search_term_string}\"},\"query-input\":{\"@type\":\"PropertyValueSpecification\",\"valueRequired\":true,\"valueName\":\"search_term_string\"}}],\"inLanguage\":\"hu\"},{\"@type\":\"Organization\",\"@id\":\"https:\\\/\\\/www.szentimrekorhaz.hu\\\/#organization\",\"name\":\"D\u00e9l-budai Centrumk\u00f3rh\u00e1z Szent Imre Egyetemi Oktat\u00f3k\u00f3rh\u00e1z\",\"url\":\"https:\\\/\\\/www.szentimrekorhaz.hu\\\/\",\"logo\":{\"@type\":\"ImageObject\",\"inLanguage\":\"hu\",\"@id\":\"https:\\\/\\\/www.szentimrekorhaz.hu\\\/#\\\/schema\\\/logo\\\/image\\\/\",\"url\":\"https:\\\/\\\/www.szentimrekorhaz.hu\\\/wp-content\\\/uploads\\\/2025\\\/05\\\/cropped-logo.png\",\"contentUrl\":\"https:\\\/\\\/www.szentimrekorhaz.hu\\\/wp-content\\\/uploads\\\/2025\\\/05\\\/cropped-logo.png\",\"width\":577,\"height\":577,\"caption\":\"D\u00e9l-budai Centrumk\u00f3rh\u00e1z Szent Imre Egyetemi Oktat\u00f3k\u00f3rh\u00e1z\"},\"image\":{\"@id\":\"https:\\\/\\\/www.szentimrekorhaz.hu\\\/#\\\/schema\\\/logo\\\/image\\\/\"},\"sameAs\":[\"https:\\\/\\\/www.facebook.com\\\/szentimrekorhaz\",\"https:\\\/\\\/www.instagram.com\\\/szentimrekorhaz\"]},{\"@type\":\"Person\",\"@id\":\"https:\\\/\\\/www.szentimrekorhaz.hu\\\/#\\\/schema\\\/person\\\/badc69c2b34d7bc30ce640daf9e47027\",\"name\":\"Dar\u00e1zs \u00c1gnes\",\"url\":\"https:\\\/\\\/www.szentimrekorhaz.hu\\\/index.php\\\/author\\\/darazsa\\\/\"}]}<\/script>\n<!-- \/ Yoast SEO plugin. -->","yoast_head_json":{"title":"T\u00e1j\u00e9koztat\u00e1s a Szent Imre K\u00f3rh\u00e1z Sz\u00fcl\u00e9szeti Oszt\u00e1ly\u00e1nak ell\u00e1t\u00e1si szeml\u00e9let\u00e9r\u0151l - D\u00e9l-budai Centrumk\u00f3rh\u00e1z","robots":{"index":"index","follow":"follow","max-snippet":"max-snippet:-1","max-image-preview":"max-image-preview:large","max-video-preview":"max-video-preview:-1"},"canonical":"https:\/\/www.szentimrekorhaz.hu\/index.php\/tajekoztatas-a-szent-imre-korhaz-szuleszeti-osztalyanak-ellatasi-szemleleterol\/","og_locale":"hu_HU","og_type":"article","og_title":"T\u00e1j\u00e9koztat\u00e1s a Szent Imre K\u00f3rh\u00e1z Sz\u00fcl\u00e9szeti Oszt\u00e1ly\u00e1nak ell\u00e1t\u00e1si szeml\u00e9let\u00e9r\u0151l - D\u00e9l-budai Centrumk\u00f3rh\u00e1z","og_description":"Tisztelt V\u00e1rand\u00f3sok, leend\u0151 Sz\u00fcl\u0151k! A Szent Imre K\u00f3rh\u00e1z Sz\u00fcl\u00e9szeti Oszt\u00e1lya elk\u00f6telezett amellett, hogy a hozz\u00e1 fordul\u00f3 \u00e9desany\u00e1k \u00e9s \u00fajsz\u00fcl\u00f6ttek sz\u00e1m\u00e1ra biztons\u00e1gos, szakmailag megalapozott, a jelenlegi&hellip;","og_url":"https:\/\/www.szentimrekorhaz.hu\/index.php\/tajekoztatas-a-szent-imre-korhaz-szuleszeti-osztalyanak-ellatasi-szemleleterol\/","og_site_name":"D\u00e9l-budai Centrumk\u00f3rh\u00e1z","article_publisher":"https:\/\/www.facebook.com\/szentimrekorhaz","article_published_time":"2026-09-03T10:13:43+00:00","article_modified_time":"2026-09-03T10:13:44+00:00","og_image":[{"width":940,"height":788,"url":"https:\/\/www.szentimrekorhaz.hu\/wp-content\/uploads\/2026\/09\/Del-budai-Centrumkorhaz-Szent-Imre-Egyetemi-Oktatokorhaz-Facebook-bejegyzes-15.jpg","type":"image\/jpeg"}],"author":"Dar\u00e1zs \u00c1gnes","twitter_card":"summary_large_image","twitter_misc":{"Written by":"Dar\u00e1zs \u00c1gnes","Est. reading time":"2 perc"},"schema":{"@context":"https:\/\/schema.org","@graph":[{"@type":"Article","@id":"https:\/\/www.szentimrekorhaz.hu\/index.php\/tajekoztatas-a-szent-imre-korhaz-szuleszeti-osztalyanak-ellatasi-szemleleterol\/#article","isPartOf":{"@id":"https:\/\/www.szentimrekorhaz.hu\/index.php\/tajekoztatas-a-szent-imre-korhaz-szuleszeti-osztalyanak-ellatasi-szemleleterol\/"},"author":{"name":"Dar\u00e1zs \u00c1gnes","@id":"https:\/\/www.szentimrekorhaz.hu\/#\/schema\/person\/badc69c2b34d7bc30ce640daf9e47027"},"headline":"T\u00e1j\u00e9koztat\u00e1s a Szent Imre K\u00f3rh\u00e1z Sz\u00fcl\u00e9szeti Oszt\u00e1ly\u00e1nak ell\u00e1t\u00e1si szeml\u00e9let\u00e9r\u0151l","datePublished":"2026-09-03T10:13:43+00:00","dateModified":"2026-09-03T10:13:44+00:00","mainEntityOfPage":{"@id":"https:\/\/www.szentimrekorhaz.hu\/index.php\/tajekoztatas-a-szent-imre-korhaz-szuleszeti-osztalyanak-ellatasi-szemleleterol\/"},"wordCount":441,"publisher":{"@id":"https:\/\/www.szentimrekorhaz.hu\/#organization"},"image":{"@id":"https:\/\/www.szentimrekorhaz.hu\/index.php\/tajekoztatas-a-szent-imre-korhaz-szuleszeti-osztalyanak-ellatasi-szemleleterol\/#primaryimage"},"thumbnailUrl":"https:\/\/www.szentimrekorhaz.hu\/wp-content\/uploads\/2026\/09\/Del-budai-Centrumkorhaz-Szent-Imre-Egyetemi-Oktatokorhaz-Facebook-bejegyzes-15.jpg","articleSection":["C\u00edmlaph\u00edrek","H\u00edrek"],"inLanguage":"hu"},{"@type":"WebPage","@id":"https:\/\/www.szentimrekorhaz.hu\/index.php\/tajekoztatas-a-szent-imre-korhaz-szuleszeti-osztalyanak-ellatasi-szemleleterol\/","url":"https:\/\/www.szentimrekorhaz.hu\/index.php\/tajekoztatas-a-szent-imre-korhaz-szuleszeti-osztalyanak-ellatasi-szemleleterol\/","name":"T\u00e1j\u00e9koztat\u00e1s a Szent Imre K\u00f3rh\u00e1z Sz\u00fcl\u00e9szeti Oszt\u00e1ly\u00e1nak ell\u00e1t\u00e1si szeml\u00e9let\u00e9r\u0151l - D\u00e9l-budai Centrumk\u00f3rh\u00e1z","isPartOf":{"@id":"https:\/\/www.szentimrekorhaz.hu\/#website"},"primaryImageOfPage":{"@id":"https:\/\/www.szentimrekorhaz.hu\/index.php\/tajekoztatas-a-szent-imre-korhaz-szuleszeti-osztalyanak-ellatasi-szemleleterol\/#primaryimage"},"image":{"@id":"https:\/\/www.szentimrekorhaz.hu\/index.php\/tajekoztatas-a-szent-imre-korhaz-szuleszeti-osztalyanak-ellatasi-szemleleterol\/#primaryimage"},"thumbnailUrl":"https:\/\/www.szentimrekorhaz.hu\/wp-content\/uploads\/2026\/09\/Del-budai-Centrumkorhaz-Szent-Imre-Egyetemi-Oktatokorhaz-Facebook-bejegyzes-15.jpg","datePublished":"2026-09-03T10:13:43+00:00","dateModified":"2026-09-03T10:13:44+00:00","breadcrumb":{"@id":"https:\/\/www.szentimrekorhaz.hu\/index.php\/tajekoztatas-a-szent-imre-korhaz-szuleszeti-osztalyanak-ellatasi-szemleleterol\/#breadcrumb"},"inLanguage":"hu","potentialAction":[{"@type":"ReadAction","target":["https:\/\/www.szentimrekorhaz.hu\/index.php\/tajekoztatas-a-szent-imre-korhaz-szuleszeti-osztalyanak-ellatasi-szemleleterol\/"]}]},{"@type":"ImageObject","inLanguage":"hu","@id":"https:\/\/www.szentimrekorhaz.hu\/index.php\/tajekoztatas-a-szent-imre-korhaz-szuleszeti-osztalyanak-ellatasi-szemleleterol\/#primaryimage","url":"https:\/\/www.szentimrekorhaz.hu\/wp-content\/uploads\/2026\/09\/Del-budai-Centrumkorhaz-Szent-Imre-Egyetemi-Oktatokorhaz-Facebook-bejegyzes-15.jpg","contentUrl":"https:\/\/www.szentimrekorhaz.hu\/wp-content\/uploads\/2026\/09\/Del-budai-Centrumkorhaz-Szent-Imre-Egyetemi-Oktatokorhaz-Facebook-bejegyzes-15.jpg","width":940,"height":788},{"@type":"BreadcrumbList","@id":"https:\/\/www.szentimrekorhaz.hu\/index.php\/tajekoztatas-a-szent-imre-korhaz-szuleszeti-osztalyanak-ellatasi-szemleleterol\/#breadcrumb","itemListElement":[{"@type":"ListItem","position":1,"name":"Home","item":"https:\/\/www.szentimrekorhaz.hu\/"},{"@type":"ListItem","position":2,"name":"T\u00e1j\u00e9koztat\u00e1s a Szent Imre K\u00f3rh\u00e1z Sz\u00fcl\u00e9szeti Oszt\u00e1ly\u00e1nak ell\u00e1t\u00e1si szeml\u00e9let\u00e9r\u0151l"}]},{"@type":"WebSite","@id":"https:\/\/www.szentimrekorhaz.hu\/#website","url":"https:\/\/www.szentimrekorhaz.hu\/","name":"D\u00e9l-budai Centrumk\u00f3rh\u00e1z Szent Imre Egyetemi Oktat\u00f3k\u00f3rh\u00e1z","description":"Szent Imre Egyetemi Oktat\u00f3k\u00f3rh\u00e1z","publisher":{"@id":"https:\/\/www.szentimrekorhaz.hu\/#organization"},"potentialAction":[{"@type":"SearchAction","target":{"@type":"EntryPoint","urlTemplate":"https:\/\/www.szentimrekorhaz.hu\/?s={search_term_string}"},"query-input":{"@type":"PropertyValueSpecification","valueRequired":true,"valueName":"search_term_string"}}],"inLanguage":"hu"},{"@type":"Organization","@id":"https:\/\/www.szentimrekorhaz.hu\/#organization","name":"D\u00e9l-budai Centrumk\u00f3rh\u00e1z Szent Imre Egyetemi Oktat\u00f3k\u00f3rh\u00e1z","url":"https:\/\/www.szentimrekorhaz.hu\/","logo":{"@type":"ImageObject","inLanguage":"hu","@id":"https:\/\/www.szentimrekorhaz.hu\/#\/schema\/logo\/image\/","url":"https:\/\/www.szentimrekorhaz.hu\/wp-content\/uploads\/2025\/05\/cropped-logo.png","contentUrl":"https:\/\/www.szentimrekorhaz.hu\/wp-content\/uploads\/2025\/05\/cropped-logo.png","width":577,"height":577,"caption":"D\u00e9l-budai Centrumk\u00f3rh\u00e1z Szent Imre Egyetemi Oktat\u00f3k\u00f3rh\u00e1z"},"image":{"@id":"https:\/\/www.szentimrekorhaz.hu\/#\/schema\/logo\/image\/"},"sameAs":["https:\/\/www.facebook.com\/szentimrekorhaz","https:\/\/www.instagram.com\/szentimrekorhaz"]},{"@type":"Person","@id":"https:\/\/www.szentimrekorhaz.hu\/#\/schema\/person\/badc69c2b34d7bc30ce640daf9e47027","name":"Dar\u00e1zs \u00c1gnes","url":"https:\/\/www.szentimrekorhaz.hu\/index.php\/author\/darazsa\/"}]}},"uagb_featured_image_src":{"full":["https:\/\/www.szentimrekorhaz.hu\/wp-content\/uploads\/2026\/09\/Del-budai-Centrumkorhaz-Szent-Imre-Egyetemi-Oktatokorhaz-Facebook-bejegyzes-15.jpg",940,788,false],"thumbnail":["https:\/\/www.szentimrekorhaz.hu\/wp-content\/uploads\/2026\/09\/Del-budai-Centrumkorhaz-Szent-Imre-Egyetemi-Oktatokorhaz-Facebook-bejegyzes-15-150x150.jpg",150,150,true],"medium":["https:\/\/www.szentimrekorhaz.hu\/wp-content\/uploads\/2026\/09\/Del-budai-Centrumkorhaz-Szent-Imre-Egyetemi-Oktatokorhaz-Facebook-bejegyzes-15-300x251.jpg",300,251,true],"medium_large":["https:\/\/www.szentimrekorhaz.hu\/wp-content\/uploads\/2026\/09\/Del-budai-Centrumkorhaz-Szent-Imre-Egyetemi-Oktatokorhaz-Facebook-bejegyzes-15-768x644.jpg",768,644,true],"large":["https:\/\/www.szentimrekorhaz.hu\/wp-content\/uploads\/2026\/09\/Del-budai-Centrumkorhaz-Szent-Imre-Egyetemi-Oktatokorhaz-Facebook-bejegyzes-15.jpg",843,707,false],"1536x1536":["https:\/\/www.szentimrekorhaz.hu\/wp-content\/uploads\/2026\/09\/Del-budai-Centrumkorhaz-Szent-Imre-Egyetemi-Oktatokorhaz-Facebook-bejegyzes-15.jpg",940,788,false],"2048x2048":["https:\/\/www.szentimrekorhaz.hu\/wp-content\/uploads\/2026\/09\/Del-budai-Centrumkorhaz-Szent-Imre-Egyetemi-Oktatokorhaz-Facebook-bejegyzes-15.jpg",940,788,false],"410x410":["https:\/\/www.szentimrekorhaz.hu\/wp-content\/uploads\/2026\/09\/Del-budai-Centrumkorhaz-Szent-Imre-Egyetemi-Oktatokorhaz-Facebook-bejegyzes-15-410x410.jpg",410,410,true]},"uagb_author_info":{"display_name":"Dar\u00e1zs \u00c1gnes","author_link":"https:\/\/www.szentimrekorhaz.hu\/index.php\/author\/darazsa\/"},"uagb_comment_info":0,"uagb_excerpt":"Tisztelt V\u00e1rand\u00f3sok, leend\u0151 Sz\u00fcl\u0151k! A Szent Imre K\u00f3rh\u00e1z Sz\u00fcl\u00e9szeti Oszt\u00e1lya elk\u00f6telezett amellett, hogy a hozz\u00e1 fordul\u00f3 \u00e9desany\u00e1k \u00e9s \u00fajsz\u00fcl\u00f6ttek sz\u00e1m\u00e1ra biztons\u00e1gos, szakmailag megalapozott, a jelenlegi&hellip;","post_type":"post","author_name":"Dar\u00e1zs \u00c1gnes","_links":{"self":[{"href":"https:\/\/www.szentimrekorhaz.hu\/index.php\/wp-json\/wp\/v2\/posts\/5669","targetHints":{"allow":["GET"]}}],"collection":[{"href":"https:\/\/www.szentimrekorhaz.hu\/index.php\/wp-json\/wp\/v2\/posts"}],"about":[{"href":"https:\/\/www.szentimrekorhaz.hu\/index.php\/wp-json\/wp\/v2\/types\/post"}],"author":[{"embeddable":true,"href":"https:\/\/www.szentimrekorhaz.hu\/index.php\/wp-json\/wp\/v2\/users\/26"}],"replies":[{"embeddable":true,"href":"https:\/\/www.szentimrekorhaz.hu\/index.php\/wp-json\/wp\/v2\/comments?post=5669"}],"version-history":[{"count":1,"href":"https:\/\/www.szentimrekorhaz.hu\/index.php\/wp-json\/wp\/v2\/posts\/5669\/revisions"}],"predecessor-version":[{"id":5671,"href":"https:\/\/www.szentimrekorhaz.hu\/index.php\/wp-json\/wp\/v2\/posts\/5669\/revisions\/5671"}],"wp:featuredmedia":[{"embeddable":true,"href":"https:\/\/www.szentimrekorhaz.hu\/index.php\/wp-json\/wp\/v2\/media\/5670"}],"wp:attachment":[{"href":"https:\/\/www.szentimrekorhaz.hu\/index.php\/wp-json\/wp\/v2\/media?parent=5669"}],"wp:term":[{"taxonomy":"category","embeddable":true,"href":"https:\/\/www.szentimrekorhaz.hu\/index.php\/wp-json\/wp\/v2\/categories?post=5669"},{"taxonomy":"post_tag","embeddable":true,"href":"https:\/\/www.szentimrekorhaz.hu\/index.php\/wp-json\/wp\/v2\/tags?post=5669"}],"curies":[{"name":"wp","href":"https:\/\/api.w.org\/{rel}","templated":true}]}}