{"id":5682,"date":"2026-09-04T16:20:49","date_gmt":"2026-09-04T14:20:49","guid":{"rendered":"https:\/\/www.szentimrekorhaz.hu\/?p=5682"},"modified":"2026-09-04T16:20:50","modified_gmt":"2026-09-04T14:20:50","slug":"kozlemeny-2","status":"publish","type":"post","link":"https:\/\/www.szentimrekorhaz.hu\/index.php\/kozlemeny-2\/","title":{"rendered":"K\u00d6ZLEM\u00c9NY"},"content":{"rendered":"\n<p>Sz\u00e1mos megkeres\u00e9st kaptunk azzal kapcsolatban, hogy megsz\u0171nik-e k\u00f3rh\u00e1zunkban az alternat\u00edv sz\u00fcl\u00e9s lehet\u0151s\u00e9ge, illetve, hogy csak egy f\u0151 k\u00eds\u00e9r\u0151 jelenl\u00e9t\u00e9t biztos\u00edtjuk a sz\u00fcl\u0151szob\u00e1ban.<\/p>\n\n\n\n<p>Az \u00e9szrev\u00e9telek nagy r\u00e9sze a v\u00e1ltoz\u00e1s gyors lefoly\u00e1s\u00e1t kifog\u00e1solta, amelyet az Int\u00e9zm\u00e9ny \u00e9s az Oszt\u00e1ly vezet\u00e9se jogos \u00e9szrev\u00e9telnek tart.<\/p>\n\n\n\n<p>\u00c9ppen ez\u00e9rt szeretn\u00e9nk bejelenteni, hogy az el\u0151z\u0151 t\u00e1j\u00e9koztat\u00e1sban foglaltak \u2013 mely szerint egyetlen szem\u00e9ly tart\u00f3zkodhat a sz\u00fcl\u0151 n\u0151 mellett a sz\u00fcl\u00e9s ideje alatt \u2013 csak 2026. okt\u00f3ber 1-j\u00e9vel l\u00e9p \u00e9rv\u00e9nybe.<\/p>\n\n\n\n<p>A d\u00f6nt\u00e9sek indokair\u00f3l:<\/p>\n\n\n\n<p>Tov\u00e1bbra is t\u00e1mogatjuk, hogy a sz\u00fcl\u0151 n\u0151k a sz\u00fcl\u00e9s\u00fck sor\u00e1n meg\u00e9lhess\u00e9k az \u00e1ltaluk v\u00e1lasztott, term\u00e9szetes \u00faton t\u00f6rt\u00e9n\u0151 sz\u00fcl\u00e9si- \u00e9s alternat\u00edv vaj\u00fad\u00e1si m\u00f3dszereket. Sz\u00fcl\u00e9szet\u00fcnk\u00f6n a term\u00e9szetes sz\u00fcl\u00e9st a lehet\u0151 legteljesebb m\u00e9rt\u00e9kben t\u00e1mogatjuk, mindig az \u00e9desanya ig\u00e9nyeit, k\u00edv\u00e1ns\u00e1gait \u00e9s a sz\u00fcl\u00e9s aktu\u00e1lis menet\u00e9t szem el\u0151tt tartva. Holisztikus szeml\u00e9letben dolgozunk, t\u00e1mogatjuk a szabad mozg\u00e1st \u00e9s a szabad v\u00e1laszt\u00e1st, \u00e9s term\u00e9szetesen tov\u00e1bbra is rendelkez\u00e9sre \u00e1ll alternat\u00edv sz\u00fcl\u0151szob\u00e1nk valamennyi, a vaj\u00fad\u00e1st megk\u00f6nny\u00edt\u0151 eszk\u00f6z\u00e9vel, amelyet a kismama szabadon haszn\u00e1lhat (labda, bord\u00e1sfal, francia\u00e1gy, tatami, babzs\u00e1k, sz\u00fcl\u0151sz\u00e9k, k\u00e1d, zuhanyz\u00f3, ill\u00f3olajok). Tov\u00e1bb\u00e1 minden olyan lehet\u0151s\u00e9ggel \u00e9lhet, amely seg\u00edtheti az \u00e9desany\u00e1t abban, hogy sz\u00e1m\u00e1ra a lehet\u0151 legkomfortosabb m\u00f3don \u00e9lje meg a sz\u00fcl\u00e9st. Nem az alternat\u00edv sz\u00fcl\u00e9s lehet\u0151s\u00e9ge sz\u0171nik meg \u2013 \u00e9ppen ellenkez\u0151leg: tov\u00e1bbra is t\u00e1mogatjuk mindazt, ami a biztons\u00e1gos, term\u00e9szetes sz\u00fcl\u00e9st szolg\u00e1lja.<\/p>\n\n\n\n<p>Ugyanakkor el\u0151fordulhat, hogy a sz\u00fcl\u00e9s sor\u00e1n olyan helyzet alakul ki, amikor s\u00fcrg\u0151s orvosi d\u00f6nt\u00e9sre, vizsg\u00e1latra, vagy beavatkoz\u00e1sra van sz\u00fcks\u00e9g. Ilyenkor van egy szakmai hat\u00e1r, amelyb\u0151l nem engedhet\u00fcnk: ha az anya vagy a gyermek \u00e9lete, eg\u00e9szs\u00e9ge, biztons\u00e1ga ker\u00fcl vesz\u00e9lybe, minden sz\u00fcks\u00e9ges beavatkoz\u00e1st el kell v\u00e9gezn\u00fcnk. Ez szakmai, emberi \u00e9s t\u00f6rv\u00e9nyi k\u00f6telezetts\u00e9g\u00fcnk is.<\/p>\n\n\n\n<p>Az elm\u00falt id\u0151szak tapasztalatai alapj\u00e1n ez\u00e9rt v\u00e1ltoztatunk a sz\u00fcl\u0151szobai jelenl\u00e9ten is. Minden any\u00e1nak tov\u00e1bbra is szeretn\u00e9nk biztos\u00edtani a bens\u0151s\u00e9ges sz\u00fcl\u00e9s lehet\u0151s\u00e9g\u00e9t, \u00e9s lehet\u0151v\u00e9 tenni az \u00e9rzelmi t\u00e1mogat\u00e1s ig\u00e9nybev\u00e9tel\u00e9t is, ugyanakkor els\u0151dleges betegbiztons\u00e1gi szempont, hogy a sz\u00fcl\u0151szob\u00e1n dolgoz\u00f3 szakemberek a lehet\u0151 legzavartalanabb k\u00f6r\u00fclm\u00e9nyek k\u00f6z\u00f6tt tudj\u00e1k v\u00e9gezni a munk\u00e1jukat. Ennek \u00e9rdek\u00e9ben egy f\u0151 kis\u00e9r\u0151 jelenl\u00e9t\u00e9t tudjuk biztos\u00edtani. Ez a d\u00f6nt\u00e9s megfelel az eg\u00e9szs\u00e9g\u00fcgyr\u0151l sz\u00f3l\u00f3 1997. \u00e9vi CLIV tv. 11\u00a7 (5) bekezd\u00e9s\u00e9nek \u00e9s teljes\u00edti a Bel\u00fcgyminiszt\u00e9rium 2025. febru\u00e1r 19-\u00e9n megjelent \u201eA csal\u00e1dk\u00f6zpont\u00fa elvekre \u00e9p\u00fcl\u0151 sz\u00fcl\u00e9szeti \u00e9s \u00fajsz\u00fcl\u00f6tt ell\u00e1t\u00e1sr\u00f3l\u201d c\u00edm\u0171 szakmai ir\u00e1nyelv \u00e1ltal el\u0151\u00edrt felt\u00e9telt is, valamint egybev\u00e1g a hazai \u00e1llami eg\u00e9szs\u00e9g\u00fcgyi ell\u00e1t\u00e1sban \u2013 sz\u00fcl\u00e9szeti oszt\u00e1lyokon \u2013 sz\u00e9lesk\u00f6r\u0171en alkalmazott gyakorlattal.<\/p>\n\n\n\n<p>A sz\u00fcl\u0151szoba els\u0151sorban egy eg\u00e9szs\u00e9g\u00fcgyi ell\u00e1t\u00e1si hely. A legfontosabb c\u00e9lunk v\u00e1ltozatlan: eg\u00e9szs\u00e9ges anya \u00e9s eg\u00e9szs\u00e9ges baba. Ehhez pedig minden olyan szakmai d\u00f6nt\u00e9st meg kell hoznunk \u00e9s minden olyan beavatkoz\u00e1st el kell v\u00e9gezn\u00fcnk, amelyet az adott helyzet orvosilag indokol.<\/p>\n\n\n\n\t<div class=\"dkpdf-button-container\" style=\"            text-align:right \">\n\n\t\t<a class=\"dkpdf-button\" href=\"\/index.php\/wp-json\/wp\/v2\/posts\/5682?pdf=5682\" target=\"_blank\"><span class=\"dkpdf-button-icon\"><i class=\"fa fa-file-pdf-o\"><\/i><\/span> Let\u00f6lt\u00e9s<\/a>\n\n\t<\/div>\n\n\n\n\n\n","protected":false},"excerpt":{"rendered":"<p>Sz\u00e1mos megkeres\u00e9st kaptunk azzal kapcsolatban, hogy megsz\u0171nik-e k\u00f3rh\u00e1zunkban az alternat\u00edv sz\u00fcl\u00e9s lehet\u0151s\u00e9ge, illetve, hogy csak egy f\u0151 k\u00eds\u00e9r\u0151 jelenl\u00e9t\u00e9t biztos\u00edtjuk a sz\u00fcl\u0151szob\u00e1ban. Az \u00e9szrev\u00e9telek nagy&hellip;<\/p>\n","protected":false},"author":26,"featured_media":5683,"comment_status":"closed","ping_status":"closed","sticky":false,"template":"","format":"standard","meta":{"_acf_changed":false,"_uag_custom_page_level_css":"","footnotes":""},"categories":[37,21],"tags":[],"class_list":["post-5682","post","type-post","status-publish","format-standard","has-post-thumbnail","hentry","category-cimlaphirek","category-hirek"],"acf":[],"yoast_head":"<!-- This site is optimized with the Yoast SEO plugin v28.2 - https:\/\/yoast.com\/product\/yoast-seo-wordpress\/ -->\n<title>K\u00d6ZLEM\u00c9NY - D\u00e9l-budai Centrumk\u00f3rh\u00e1z<\/title>\n<meta name=\"robots\" content=\"index, follow, max-snippet:-1, max-image-preview:large, max-video-preview:-1\" \/>\n<link rel=\"canonical\" href=\"https:\/\/www.szentimrekorhaz.hu\/index.php\/kozlemeny-2\/\" \/>\n<meta property=\"og:locale\" content=\"hu_HU\" \/>\n<meta property=\"og:type\" content=\"article\" \/>\n<meta property=\"og:title\" content=\"K\u00d6ZLEM\u00c9NY - D\u00e9l-budai Centrumk\u00f3rh\u00e1z\" \/>\n<meta property=\"og:description\" content=\"Sz\u00e1mos megkeres\u00e9st kaptunk azzal kapcsolatban, hogy megsz\u0171nik-e k\u00f3rh\u00e1zunkban az alternat\u00edv sz\u00fcl\u00e9s lehet\u0151s\u00e9ge, illetve, hogy csak egy f\u0151 k\u00eds\u00e9r\u0151 jelenl\u00e9t\u00e9t biztos\u00edtjuk a sz\u00fcl\u0151szob\u00e1ban. Az \u00e9szrev\u00e9telek nagy&hellip;\" \/>\n<meta property=\"og:url\" content=\"https:\/\/www.szentimrekorhaz.hu\/index.php\/kozlemeny-2\/\" \/>\n<meta property=\"og:site_name\" content=\"D\u00e9l-budai Centrumk\u00f3rh\u00e1z\" \/>\n<meta property=\"article:publisher\" content=\"https:\/\/www.facebook.com\/szentimrekorhaz\" \/>\n<meta property=\"article:published_time\" content=\"2026-09-04T14:20:49+00:00\" \/>\n<meta property=\"article:modified_time\" content=\"2026-09-04T14:20:50+00:00\" \/>\n<meta property=\"og:image\" content=\"https:\/\/www.szentimrekorhaz.hu\/wp-content\/uploads\/2026\/09\/Del-budai-Centrumkorhaz-Szent-Imre-Egyetemi-Oktatokorhaz-Facebook-bejegyzes-16.jpg\" \/>\n\t<meta property=\"og:image:width\" content=\"940\" \/>\n\t<meta property=\"og:image:height\" content=\"788\" \/>\n\t<meta property=\"og:image:type\" content=\"image\/jpeg\" \/>\n<meta name=\"author\" content=\"Dar\u00e1zs \u00c1gnes\" \/>\n<meta name=\"twitter:card\" content=\"summary_large_image\" \/>\n<meta name=\"twitter:label1\" content=\"Written by\" \/>\n\t<meta name=\"twitter:data1\" content=\"Dar\u00e1zs \u00c1gnes\" \/>\n\t<meta name=\"twitter:label2\" content=\"Est. reading time\" \/>\n\t<meta name=\"twitter:data2\" content=\"3 perc\" \/>\n<script type=\"application\/ld+json\" class=\"yoast-schema-graph\">{\"@context\":\"https:\\\/\\\/schema.org\",\"@graph\":[{\"@type\":\"Article\",\"@id\":\"https:\\\/\\\/www.szentimrekorhaz.hu\\\/index.php\\\/kozlemeny-2\\\/#article\",\"isPartOf\":{\"@id\":\"https:\\\/\\\/www.szentimrekorhaz.hu\\\/index.php\\\/kozlemeny-2\\\/\"},\"author\":{\"name\":\"Dar\u00e1zs \u00c1gnes\",\"@id\":\"https:\\\/\\\/www.szentimrekorhaz.hu\\\/#\\\/schema\\\/person\\\/badc69c2b34d7bc30ce640daf9e47027\"},\"headline\":\"K\u00d6ZLEM\u00c9NY\",\"datePublished\":\"2026-09-04T14:20:49+00:00\",\"dateModified\":\"2026-09-04T14:20:50+00:00\",\"mainEntityOfPage\":{\"@id\":\"https:\\\/\\\/www.szentimrekorhaz.hu\\\/index.php\\\/kozlemeny-2\\\/\"},\"wordCount\":655,\"publisher\":{\"@id\":\"https:\\\/\\\/www.szentimrekorhaz.hu\\\/#organization\"},\"image\":{\"@id\":\"https:\\\/\\\/www.szentimrekorhaz.hu\\\/index.php\\\/kozlemeny-2\\\/#primaryimage\"},\"thumbnailUrl\":\"https:\\\/\\\/www.szentimrekorhaz.hu\\\/wp-content\\\/uploads\\\/2026\\\/09\\\/Del-budai-Centrumkorhaz-Szent-Imre-Egyetemi-Oktatokorhaz-Facebook-bejegyzes-16.jpg\",\"articleSection\":[\"C\u00edmlaph\u00edrek\",\"H\u00edrek\"],\"inLanguage\":\"hu\"},{\"@type\":\"WebPage\",\"@id\":\"https:\\\/\\\/www.szentimrekorhaz.hu\\\/index.php\\\/kozlemeny-2\\\/\",\"url\":\"https:\\\/\\\/www.szentimrekorhaz.hu\\\/index.php\\\/kozlemeny-2\\\/\",\"name\":\"K\u00d6ZLEM\u00c9NY - D\u00e9l-budai Centrumk\u00f3rh\u00e1z\",\"isPartOf\":{\"@id\":\"https:\\\/\\\/www.szentimrekorhaz.hu\\\/#website\"},\"primaryImageOfPage\":{\"@id\":\"https:\\\/\\\/www.szentimrekorhaz.hu\\\/index.php\\\/kozlemeny-2\\\/#primaryimage\"},\"image\":{\"@id\":\"https:\\\/\\\/www.szentimrekorhaz.hu\\\/index.php\\\/kozlemeny-2\\\/#primaryimage\"},\"thumbnailUrl\":\"https:\\\/\\\/www.szentimrekorhaz.hu\\\/wp-content\\\/uploads\\\/2026\\\/09\\\/Del-budai-Centrumkorhaz-Szent-Imre-Egyetemi-Oktatokorhaz-Facebook-bejegyzes-16.jpg\",\"datePublished\":\"2026-09-04T14:20:49+00:00\",\"dateModified\":\"2026-09-04T14:20:50+00:00\",\"breadcrumb\":{\"@id\":\"https:\\\/\\\/www.szentimrekorhaz.hu\\\/index.php\\\/kozlemeny-2\\\/#breadcrumb\"},\"inLanguage\":\"hu\",\"potentialAction\":[{\"@type\":\"ReadAction\",\"target\":[\"https:\\\/\\\/www.szentimrekorhaz.hu\\\/index.php\\\/kozlemeny-2\\\/\"]}]},{\"@type\":\"ImageObject\",\"inLanguage\":\"hu\",\"@id\":\"https:\\\/\\\/www.szentimrekorhaz.hu\\\/index.php\\\/kozlemeny-2\\\/#primaryimage\",\"url\":\"https:\\\/\\\/www.szentimrekorhaz.hu\\\/wp-content\\\/uploads\\\/2026\\\/09\\\/Del-budai-Centrumkorhaz-Szent-Imre-Egyetemi-Oktatokorhaz-Facebook-bejegyzes-16.jpg\",\"contentUrl\":\"https:\\\/\\\/www.szentimrekorhaz.hu\\\/wp-content\\\/uploads\\\/2026\\\/09\\\/Del-budai-Centrumkorhaz-Szent-Imre-Egyetemi-Oktatokorhaz-Facebook-bejegyzes-16.jpg\",\"width\":940,\"height\":788},{\"@type\":\"BreadcrumbList\",\"@id\":\"https:\\\/\\\/www.szentimrekorhaz.hu\\\/index.php\\\/kozlemeny-2\\\/#breadcrumb\",\"itemListElement\":[{\"@type\":\"ListItem\",\"position\":1,\"name\":\"Home\",\"item\":\"https:\\\/\\\/www.szentimrekorhaz.hu\\\/\"},{\"@type\":\"ListItem\",\"position\":2,\"name\":\"K\u00d6ZLEM\u00c9NY\"}]},{\"@type\":\"WebSite\",\"@id\":\"https:\\\/\\\/www.szentimrekorhaz.hu\\\/#website\",\"url\":\"https:\\\/\\\/www.szentimrekorhaz.hu\\\/\",\"name\":\"D\u00e9l-budai Centrumk\u00f3rh\u00e1z Szent Imre Egyetemi Oktat\u00f3k\u00f3rh\u00e1z\",\"description\":\"Szent Imre Egyetemi Oktat\u00f3k\u00f3rh\u00e1z\",\"publisher\":{\"@id\":\"https:\\\/\\\/www.szentimrekorhaz.hu\\\/#organization\"},\"potentialAction\":[{\"@type\":\"SearchAction\",\"target\":{\"@type\":\"EntryPoint\",\"urlTemplate\":\"https:\\\/\\\/www.szentimrekorhaz.hu\\\/?s={search_term_string}\"},\"query-input\":{\"@type\":\"PropertyValueSpecification\",\"valueRequired\":true,\"valueName\":\"search_term_string\"}}],\"inLanguage\":\"hu\"},{\"@type\":\"Organization\",\"@id\":\"https:\\\/\\\/www.szentimrekorhaz.hu\\\/#organization\",\"name\":\"D\u00e9l-budai Centrumk\u00f3rh\u00e1z Szent Imre Egyetemi Oktat\u00f3k\u00f3rh\u00e1z\",\"url\":\"https:\\\/\\\/www.szentimrekorhaz.hu\\\/\",\"logo\":{\"@type\":\"ImageObject\",\"inLanguage\":\"hu\",\"@id\":\"https:\\\/\\\/www.szentimrekorhaz.hu\\\/#\\\/schema\\\/logo\\\/image\\\/\",\"url\":\"https:\\\/\\\/www.szentimrekorhaz.hu\\\/wp-content\\\/uploads\\\/2025\\\/05\\\/cropped-logo.png\",\"contentUrl\":\"https:\\\/\\\/www.szentimrekorhaz.hu\\\/wp-content\\\/uploads\\\/2025\\\/05\\\/cropped-logo.png\",\"width\":577,\"height\":577,\"caption\":\"D\u00e9l-budai Centrumk\u00f3rh\u00e1z Szent Imre Egyetemi Oktat\u00f3k\u00f3rh\u00e1z\"},\"image\":{\"@id\":\"https:\\\/\\\/www.szentimrekorhaz.hu\\\/#\\\/schema\\\/logo\\\/image\\\/\"},\"sameAs\":[\"https:\\\/\\\/www.facebook.com\\\/szentimrekorhaz\",\"https:\\\/\\\/www.instagram.com\\\/szentimrekorhaz\"]},{\"@type\":\"Person\",\"@id\":\"https:\\\/\\\/www.szentimrekorhaz.hu\\\/#\\\/schema\\\/person\\\/badc69c2b34d7bc30ce640daf9e47027\",\"name\":\"Dar\u00e1zs \u00c1gnes\",\"url\":\"https:\\\/\\\/www.szentimrekorhaz.hu\\\/index.php\\\/author\\\/darazsa\\\/\"}]}<\/script>\n<!-- \/ Yoast SEO plugin. -->","yoast_head_json":{"title":"K\u00d6ZLEM\u00c9NY - D\u00e9l-budai Centrumk\u00f3rh\u00e1z","robots":{"index":"index","follow":"follow","max-snippet":"max-snippet:-1","max-image-preview":"max-image-preview:large","max-video-preview":"max-video-preview:-1"},"canonical":"https:\/\/www.szentimrekorhaz.hu\/index.php\/kozlemeny-2\/","og_locale":"hu_HU","og_type":"article","og_title":"K\u00d6ZLEM\u00c9NY - D\u00e9l-budai Centrumk\u00f3rh\u00e1z","og_description":"Sz\u00e1mos megkeres\u00e9st kaptunk azzal kapcsolatban, hogy megsz\u0171nik-e k\u00f3rh\u00e1zunkban az alternat\u00edv sz\u00fcl\u00e9s lehet\u0151s\u00e9ge, illetve, hogy csak egy f\u0151 k\u00eds\u00e9r\u0151 jelenl\u00e9t\u00e9t biztos\u00edtjuk a sz\u00fcl\u0151szob\u00e1ban. Az \u00e9szrev\u00e9telek nagy&hellip;","og_url":"https:\/\/www.szentimrekorhaz.hu\/index.php\/kozlemeny-2\/","og_site_name":"D\u00e9l-budai Centrumk\u00f3rh\u00e1z","article_publisher":"https:\/\/www.facebook.com\/szentimrekorhaz","article_published_time":"2026-09-04T14:20:49+00:00","article_modified_time":"2026-09-04T14:20:50+00:00","og_image":[{"width":940,"height":788,"url":"https:\/\/www.szentimrekorhaz.hu\/wp-content\/uploads\/2026\/09\/Del-budai-Centrumkorhaz-Szent-Imre-Egyetemi-Oktatokorhaz-Facebook-bejegyzes-16.jpg","type":"image\/jpeg"}],"author":"Dar\u00e1zs \u00c1gnes","twitter_card":"summary_large_image","twitter_misc":{"Written by":"Dar\u00e1zs \u00c1gnes","Est. reading time":"3 perc"},"schema":{"@context":"https:\/\/schema.org","@graph":[{"@type":"Article","@id":"https:\/\/www.szentimrekorhaz.hu\/index.php\/kozlemeny-2\/#article","isPartOf":{"@id":"https:\/\/www.szentimrekorhaz.hu\/index.php\/kozlemeny-2\/"},"author":{"name":"Dar\u00e1zs \u00c1gnes","@id":"https:\/\/www.szentimrekorhaz.hu\/#\/schema\/person\/badc69c2b34d7bc30ce640daf9e47027"},"headline":"K\u00d6ZLEM\u00c9NY","datePublished":"2026-09-04T14:20:49+00:00","dateModified":"2026-09-04T14:20:50+00:00","mainEntityOfPage":{"@id":"https:\/\/www.szentimrekorhaz.hu\/index.php\/kozlemeny-2\/"},"wordCount":655,"publisher":{"@id":"https:\/\/www.szentimrekorhaz.hu\/#organization"},"image":{"@id":"https:\/\/www.szentimrekorhaz.hu\/index.php\/kozlemeny-2\/#primaryimage"},"thumbnailUrl":"https:\/\/www.szentimrekorhaz.hu\/wp-content\/uploads\/2026\/09\/Del-budai-Centrumkorhaz-Szent-Imre-Egyetemi-Oktatokorhaz-Facebook-bejegyzes-16.jpg","articleSection":["C\u00edmlaph\u00edrek","H\u00edrek"],"inLanguage":"hu"},{"@type":"WebPage","@id":"https:\/\/www.szentimrekorhaz.hu\/index.php\/kozlemeny-2\/","url":"https:\/\/www.szentimrekorhaz.hu\/index.php\/kozlemeny-2\/","name":"K\u00d6ZLEM\u00c9NY - D\u00e9l-budai Centrumk\u00f3rh\u00e1z","isPartOf":{"@id":"https:\/\/www.szentimrekorhaz.hu\/#website"},"primaryImageOfPage":{"@id":"https:\/\/www.szentimrekorhaz.hu\/index.php\/kozlemeny-2\/#primaryimage"},"image":{"@id":"https:\/\/www.szentimrekorhaz.hu\/index.php\/kozlemeny-2\/#primaryimage"},"thumbnailUrl":"https:\/\/www.szentimrekorhaz.hu\/wp-content\/uploads\/2026\/09\/Del-budai-Centrumkorhaz-Szent-Imre-Egyetemi-Oktatokorhaz-Facebook-bejegyzes-16.jpg","datePublished":"2026-09-04T14:20:49+00:00","dateModified":"2026-09-04T14:20:50+00:00","breadcrumb":{"@id":"https:\/\/www.szentimrekorhaz.hu\/index.php\/kozlemeny-2\/#breadcrumb"},"inLanguage":"hu","potentialAction":[{"@type":"ReadAction","target":["https:\/\/www.szentimrekorhaz.hu\/index.php\/kozlemeny-2\/"]}]},{"@type":"ImageObject","inLanguage":"hu","@id":"https:\/\/www.szentimrekorhaz.hu\/index.php\/kozlemeny-2\/#primaryimage","url":"https:\/\/www.szentimrekorhaz.hu\/wp-content\/uploads\/2026\/09\/Del-budai-Centrumkorhaz-Szent-Imre-Egyetemi-Oktatokorhaz-Facebook-bejegyzes-16.jpg","contentUrl":"https:\/\/www.szentimrekorhaz.hu\/wp-content\/uploads\/2026\/09\/Del-budai-Centrumkorhaz-Szent-Imre-Egyetemi-Oktatokorhaz-Facebook-bejegyzes-16.jpg","width":940,"height":788},{"@type":"BreadcrumbList","@id":"https:\/\/www.szentimrekorhaz.hu\/index.php\/kozlemeny-2\/#breadcrumb","itemListElement":[{"@type":"ListItem","position":1,"name":"Home","item":"https:\/\/www.szentimrekorhaz.hu\/"},{"@type":"ListItem","position":2,"name":"K\u00d6ZLEM\u00c9NY"}]},{"@type":"WebSite","@id":"https:\/\/www.szentimrekorhaz.hu\/#website","url":"https:\/\/www.szentimrekorhaz.hu\/","name":"D\u00e9l-budai Centrumk\u00f3rh\u00e1z Szent Imre Egyetemi Oktat\u00f3k\u00f3rh\u00e1z","description":"Szent Imre Egyetemi Oktat\u00f3k\u00f3rh\u00e1z","publisher":{"@id":"https:\/\/www.szentimrekorhaz.hu\/#organization"},"potentialAction":[{"@type":"SearchAction","target":{"@type":"EntryPoint","urlTemplate":"https:\/\/www.szentimrekorhaz.hu\/?s={search_term_string}"},"query-input":{"@type":"PropertyValueSpecification","valueRequired":true,"valueName":"search_term_string"}}],"inLanguage":"hu"},{"@type":"Organization","@id":"https:\/\/www.szentimrekorhaz.hu\/#organization","name":"D\u00e9l-budai Centrumk\u00f3rh\u00e1z Szent Imre Egyetemi Oktat\u00f3k\u00f3rh\u00e1z","url":"https:\/\/www.szentimrekorhaz.hu\/","logo":{"@type":"ImageObject","inLanguage":"hu","@id":"https:\/\/www.szentimrekorhaz.hu\/#\/schema\/logo\/image\/","url":"https:\/\/www.szentimrekorhaz.hu\/wp-content\/uploads\/2025\/05\/cropped-logo.png","contentUrl":"https:\/\/www.szentimrekorhaz.hu\/wp-content\/uploads\/2025\/05\/cropped-logo.png","width":577,"height":577,"caption":"D\u00e9l-budai Centrumk\u00f3rh\u00e1z Szent Imre Egyetemi Oktat\u00f3k\u00f3rh\u00e1z"},"image":{"@id":"https:\/\/www.szentimrekorhaz.hu\/#\/schema\/logo\/image\/"},"sameAs":["https:\/\/www.facebook.com\/szentimrekorhaz","https:\/\/www.instagram.com\/szentimrekorhaz"]},{"@type":"Person","@id":"https:\/\/www.szentimrekorhaz.hu\/#\/schema\/person\/badc69c2b34d7bc30ce640daf9e47027","name":"Dar\u00e1zs \u00c1gnes","url":"https:\/\/www.szentimrekorhaz.hu\/index.php\/author\/darazsa\/"}]}},"uagb_featured_image_src":{"full":["https:\/\/www.szentimrekorhaz.hu\/wp-content\/uploads\/2026\/09\/Del-budai-Centrumkorhaz-Szent-Imre-Egyetemi-Oktatokorhaz-Facebook-bejegyzes-16.jpg",940,788,false],"thumbnail":["https:\/\/www.szentimrekorhaz.hu\/wp-content\/uploads\/2026\/09\/Del-budai-Centrumkorhaz-Szent-Imre-Egyetemi-Oktatokorhaz-Facebook-bejegyzes-16-150x150.jpg",150,150,true],"medium":["https:\/\/www.szentimrekorhaz.hu\/wp-content\/uploads\/2026\/09\/Del-budai-Centrumkorhaz-Szent-Imre-Egyetemi-Oktatokorhaz-Facebook-bejegyzes-16-300x251.jpg",300,251,true],"medium_large":["https:\/\/www.szentimrekorhaz.hu\/wp-content\/uploads\/2026\/09\/Del-budai-Centrumkorhaz-Szent-Imre-Egyetemi-Oktatokorhaz-Facebook-bejegyzes-16-768x644.jpg",768,644,true],"large":["https:\/\/www.szentimrekorhaz.hu\/wp-content\/uploads\/2026\/09\/Del-budai-Centrumkorhaz-Szent-Imre-Egyetemi-Oktatokorhaz-Facebook-bejegyzes-16.jpg",843,707,false],"1536x1536":["https:\/\/www.szentimrekorhaz.hu\/wp-content\/uploads\/2026\/09\/Del-budai-Centrumkorhaz-Szent-Imre-Egyetemi-Oktatokorhaz-Facebook-bejegyzes-16.jpg",940,788,false],"2048x2048":["https:\/\/www.szentimrekorhaz.hu\/wp-content\/uploads\/2026\/09\/Del-budai-Centrumkorhaz-Szent-Imre-Egyetemi-Oktatokorhaz-Facebook-bejegyzes-16.jpg",940,788,false],"410x410":["https:\/\/www.szentimrekorhaz.hu\/wp-content\/uploads\/2026\/09\/Del-budai-Centrumkorhaz-Szent-Imre-Egyetemi-Oktatokorhaz-Facebook-bejegyzes-16-410x410.jpg",410,410,true]},"uagb_author_info":{"display_name":"Dar\u00e1zs \u00c1gnes","author_link":"https:\/\/www.szentimrekorhaz.hu\/index.php\/author\/darazsa\/"},"uagb_comment_info":0,"uagb_excerpt":"Sz\u00e1mos megkeres\u00e9st kaptunk azzal kapcsolatban, hogy megsz\u0171nik-e k\u00f3rh\u00e1zunkban az alternat\u00edv sz\u00fcl\u00e9s lehet\u0151s\u00e9ge, illetve, hogy csak egy f\u0151 k\u00eds\u00e9r\u0151 jelenl\u00e9t\u00e9t biztos\u00edtjuk a sz\u00fcl\u0151szob\u00e1ban. Az \u00e9szrev\u00e9telek nagy&hellip;","post_type":"post","author_name":"Dar\u00e1zs \u00c1gnes","_links":{"self":[{"href":"https:\/\/www.szentimrekorhaz.hu\/index.php\/wp-json\/wp\/v2\/posts\/5682","targetHints":{"allow":["GET"]}}],"collection":[{"href":"https:\/\/www.szentimrekorhaz.hu\/index.php\/wp-json\/wp\/v2\/posts"}],"about":[{"href":"https:\/\/www.szentimrekorhaz.hu\/index.php\/wp-json\/wp\/v2\/types\/post"}],"author":[{"embeddable":true,"href":"https:\/\/www.szentimrekorhaz.hu\/index.php\/wp-json\/wp\/v2\/users\/26"}],"replies":[{"embeddable":true,"href":"https:\/\/www.szentimrekorhaz.hu\/index.php\/wp-json\/wp\/v2\/comments?post=5682"}],"version-history":[{"count":1,"href":"https:\/\/www.szentimrekorhaz.hu\/index.php\/wp-json\/wp\/v2\/posts\/5682\/revisions"}],"predecessor-version":[{"id":5684,"href":"https:\/\/www.szentimrekorhaz.hu\/index.php\/wp-json\/wp\/v2\/posts\/5682\/revisions\/5684"}],"wp:featuredmedia":[{"embeddable":true,"href":"https:\/\/www.szentimrekorhaz.hu\/index.php\/wp-json\/wp\/v2\/media\/5683"}],"wp:attachment":[{"href":"https:\/\/www.szentimrekorhaz.hu\/index.php\/wp-json\/wp\/v2\/media?parent=5682"}],"wp:term":[{"taxonomy":"category","embeddable":true,"href":"https:\/\/www.szentimrekorhaz.hu\/index.php\/wp-json\/wp\/v2\/categories?post=5682"},{"taxonomy":"post_tag","embeddable":true,"href":"https:\/\/www.szentimrekorhaz.hu\/index.php\/wp-json\/wp\/v2\/tags?post=5682"}],"curies":[{"name":"wp","href":"https:\/\/api.w.org\/{rel}","templated":true}]}}