{"id":615,"date":"2022-05-16T14:24:28","date_gmt":"2022-05-16T12:24:28","guid":{"rendered":"http:\/\/localhost\/index.php\/tajekoztatas-a-suergssegi-betegellato-osztaly-felujitasaval-kapcsolatban\/"},"modified":"2022-05-16T14:24:28","modified_gmt":"2022-05-16T12:24:28","slug":"tajekoztatas-a-suergssegi-betegellato-osztaly-felujitasaval-kapcsolatban","status":"publish","type":"post","link":"https:\/\/www.szentimrekorhaz.hu\/index.php\/tajekoztatas-a-suergssegi-betegellato-osztaly-felujitasaval-kapcsolatban\/","title":{"rendered":"T\u00e1j\u00e9koztat\u00e1s a S\u00fcrg\u0151ss\u00e9gi Betegell\u00e1t\u00f3 Oszt\u00e1ly fel\u00faj\u00edt\u00e1s\u00e1val kapcsolatban"},"content":{"rendered":"<p>\n\t<br style='color: rgb(51, 51, 51); font-family: \"Open Sans\", \"Helvetica Neue\", Helvetica, Arial, sans-serif; font-size: 13px;'><br>\n\t<span style=\"font-family:arial,helvetica,sans-serif;\"><span style=\"color: rgb(51, 51, 51); font-size: 13px;\">A h\u00e1tt\u00e9rben g\u0151zer\u0151vel dolgozunk \u2013 a janu\u00e1ri t\u0171zesetben s\u00e9r\u00fclt \u2013 S\u00fcrg\u0151ss\u00e9gi Betegell\u00e1t\u00f3 Oszt\u00e1lyunk helyre\u00e1ll\u00edt\u00e1s\u00e1nak \u00e9s fel\u00faj\u00edt\u00e1s\u00e1nak el\u0151k\u00e9sz\u00edt\u00e9s\u00e9n, megszervez\u00e9s\u00e9n. Ebben az esetben olyan horderej\u0171 fel\u00faj\u00edt\u00e1sr\u00f3l van sz\u00f3, amelyhez uni\u00f3s k\u00f6zbeszerz\u00e9si elj\u00e1r\u00e1s ki\u00edr\u00e1sa sz\u00fcks\u00e9ges, ennek enged\u00e9lyeztet\u00e9se t\u00f6bb szinten t\u00f6rt\u00e9nik, ez\u00e9rt egyel\u0151re m\u00e9g nem kezd\u0151dhetett meg a t\u00e9nyleges helyre\u00e1ll\u00edt\u00e1si munka.<\/span><br style='color: rgb(51, 51, 51); font-family: \"Open Sans\", \"Helvetica Neue\", Helvetica, Arial, sans-serif; font-size: 13px;'><br>\n\t<span style=\"color: rgb(51, 51, 51); font-size: 13px;\">A k\u00f6zbeszerz\u00e9si elj\u00e1r\u00e1s sz\u00fcks\u00e9gess\u00e9ge miatt a S\u00fcrg\u0151ss\u00e9gi Betegell\u00e1t\u00f3 Oszt\u00e1ly jelenlegi \u00e1llapot\u00e1n v\u00e1ltoztatni mindaddig nem lehet, am\u00edg a kivitelez\u0151 kiv\u00e1laszt\u00e1sa meg nem t\u00f6rt\u00e9nik.<\/span><br style='color: rgb(51, 51, 51); font-family: \"Open Sans\", \"Helvetica Neue\", Helvetica, Arial, sans-serif; font-size: 13px;'><br>\n\t<span style=\"color: rgb(51, 51, 51); font-size: 13px;\">A betegeink eg\u00e9szs\u00e9g\u00e9nek \u00e9s k\u00e9nyelm\u00e9nek biztos\u00edt\u00e1sa \u00e9rdek\u00e9ben a S\u00fcrg\u0151ss\u00e9gi Betegell\u00e1t\u00f3 Oszt\u00e1lyunk \u2013 a helyre\u00e1ll\u00edt\u00e1si munk\u00e1latok befejez\u0151d\u00e9s\u00e9ig \u2013 ideiglenes a C-\u00e9p\u00fclet f\u00f6ldszintj\u00e9re k\u00f6lt\u00f6z\u00f6tt. A S\u00fcrg\u0151ss\u00e9gi Ambulanci\u00e1ra \u00e9rkez\u0151 betegek sz\u00e1m\u00e1ra a bel\u00e9p\u00e9s a ment\u0151port\u00e1n \u00e1t aj\u00e1nlott.<\/span><br style='color: rgb(51, 51, 51); font-family: \"Open Sans\", \"Helvetica Neue\", Helvetica, Arial, sans-serif; font-size: 13px;'><br>\n\t<br style='color: rgb(51, 51, 51); font-family: \"Open Sans\", \"Helvetica Neue\", Helvetica, Arial, sans-serif; font-size: 13px;'><br>\n\t<span style=\"color: rgb(51, 51, 51); font-size: 13px;\">K\u00f6sz\u00f6nj\u00fck sz\u00edves meg\u00e9rt\u00e9s\u00fcket \u00e9s egy\u00fcttm\u0171k\u00f6d\u00e9s\u00fcket!<\/span><br style='color: rgb(51, 51, 51); font-family: \"Open Sans\", \"Helvetica Neue\", Helvetica, Arial, sans-serif; font-size: 13px;'><br>\n\t<span style=\"color: rgb(51, 51, 51); font-size: 13px;\">A D\u00e9l-budai Centrumk\u00f3rh\u00e1z Szent Imre Egyetemi Oktat\u00f3k\u00f3rh\u00e1z vezet\u0151s\u00e9ge<\/span><\/span><\/p>\n\n\n\n\t<div class=\"dkpdf-button-container\" style=\"            text-align:right \">\n\n\t\t<a class=\"dkpdf-button\" href=\"\/index.php\/wp-json\/wp\/v2\/posts\/615?pdf=615\" target=\"_blank\"><span class=\"dkpdf-button-icon\"><i class=\"fa fa-file-pdf-o\"><\/i><\/span> Let\u00f6lt\u00e9s<\/a>\n\n\t<\/div>\n\n\n\n\n\n","protected":false},"excerpt":{"rendered":"<p>A h\u00e1tt\u00e9rben g\u0151zer\u0151vel dolgozunk \u2013 a janu\u00e1ri t\u0171zesetben s\u00e9r\u00fclt \u2013 S\u00fcrg\u0151ss\u00e9gi Betegell\u00e1t\u00f3 Oszt\u00e1lyunk helyre\u00e1ll\u00edt\u00e1s\u00e1nak \u00e9s fel\u00faj\u00edt\u00e1s\u00e1nak el\u0151k\u00e9sz\u00edt\u00e9s\u00e9n, megszervez\u00e9s\u00e9n. Ebben az esetben olyan horderej\u0171 fel\u00faj\u00edt\u00e1sr\u00f3l van&hellip;<\/p>\n","protected":false},"author":4,"featured_media":0,"comment_status":"closed","ping_status":"closed","sticky":false,"template":"","format":"standard","meta":{"_acf_changed":false,"footnotes":""},"categories":[],"tags":[],"class_list":["post-615","post","type-post","status-publish","format-standard","hentry"],"acf":[],"post_type":"post","author_name":"Informatikai csoport","_links":{"self":[{"href":"https:\/\/www.szentimrekorhaz.hu\/index.php\/wp-json\/wp\/v2\/posts\/615","targetHints":{"allow":["GET"]}}],"collection":[{"href":"https:\/\/www.szentimrekorhaz.hu\/index.php\/wp-json\/wp\/v2\/posts"}],"about":[{"href":"https:\/\/www.szentimrekorhaz.hu\/index.php\/wp-json\/wp\/v2\/types\/post"}],"author":[{"embeddable":true,"href":"https:\/\/www.szentimrekorhaz.hu\/index.php\/wp-json\/wp\/v2\/users\/4"}],"replies":[{"embeddable":true,"href":"https:\/\/www.szentimrekorhaz.hu\/index.php\/wp-json\/wp\/v2\/comments?post=615"}],"version-history":[{"count":0,"href":"https:\/\/www.szentimrekorhaz.hu\/index.php\/wp-json\/wp\/v2\/posts\/615\/revisions"}],"wp:attachment":[{"href":"https:\/\/www.szentimrekorhaz.hu\/index.php\/wp-json\/wp\/v2\/media?parent=615"}],"wp:term":[{"taxonomy":"category","embeddable":true,"href":"https:\/\/www.szentimrekorhaz.hu\/index.php\/wp-json\/wp\/v2\/categories?post=615"},{"taxonomy":"post_tag","embeddable":true,"href":"https:\/\/www.szentimrekorhaz.hu\/index.php\/wp-json\/wp\/v2\/tags?post=615"}],"curies":[{"name":"wp","href":"https:\/\/api.w.org\/{rel}","templated":true}]}}