{"id":617,"date":"2022-07-01T11:36:27","date_gmt":"2022-07-01T09:36:27","guid":{"rendered":"http:\/\/localhost\/index.php\/magdi-neni-leanderei-a-szent-imre-korhaz-kertjenek-bueszkesegei\/"},"modified":"2022-07-01T11:36:27","modified_gmt":"2022-07-01T09:36:27","slug":"magdi-neni-leanderei-a-szent-imre-korhaz-kertjenek-bueszkesegei","status":"publish","type":"post","link":"https:\/\/www.szentimrekorhaz.hu\/index.php\/magdi-neni-leanderei-a-szent-imre-korhaz-kertjenek-bueszkesegei\/","title":{"rendered":"Magdi n\u00e9ni leanderei a Szent Imre K\u00f3rh\u00e1z kertj\u00e9nek b\u00fcszkes\u00e9gei"},"content":{"rendered":"<p>\n\t\u00a0<\/p>\n<p>\n\t<span style=\"font-size:18px;\"><a href=\"https:\/\/www.origo.hu\/itthon\/20220630-magdi-neni-leanderei-a-szent-imre-korhaz-kertjenek-buszkesegei-masfel-millio-forint-ertekben.html\">M<\/a><a href=\"https:\/\/www.origo.hu\/itthon\/20220630-magdi-neni-leanderei-a-szent-imre-korhaz-kertjenek-buszkesegei-masfel-millio-forint-ertekben.html\">agdi n\u00e9ni leanderei a Szent Imre K\u00f3rh\u00e1z kertj\u00e9nek b\u00fcszkes\u00e9gei<\/a><\/span><\/p>\n<p>\n\t<img decoding=\"async\" class=\" alignleft size-full wp-image-616\" alt=\"Leander\" src=\"\/wp-content\/uploads\/2022\/07\/20220630leander-szent-imre-korhaz-korhaz1.jpg\" style=\"width: 200px; height: 267px; margin: 5px; float: left;\" width=\"800\" height=\"1067\" srcset=\"https:\/\/www.szentimrekorhaz.hu\/wp-content\/uploads\/2022\/07\/20220630leander-szent-imre-korhaz-korhaz1.jpg 800w, https:\/\/www.szentimrekorhaz.hu\/wp-content\/uploads\/2022\/07\/20220630leander-szent-imre-korhaz-korhaz1-225x300.jpg 225w, https:\/\/www.szentimrekorhaz.hu\/wp-content\/uploads\/2022\/07\/20220630leander-szent-imre-korhaz-korhaz1-768x1024.jpg 768w\" sizes=\"(max-width: 800px) 100vw, 800px\" \/><\/p>\n<p>\n\tK\u00f6zel 1,5 milli\u00f3 forint \u00e9rt\u00e9kben kapott a Szent Imre Egyetemi Oktat\u00f3k\u00f3rh\u00e1z leandereket Magdi n\u00e9nit\u0151l, Dr. Bedros J. R\u00f3bert f\u0151igazgat\u00f3 \u00e9desanyj\u00e1t\u00f3l. Magdi n\u00e9ni a Pest megyei Kemenc\u00e9n, a B\u00f6rzs\u00f6ny l\u00e1b\u00e1n\u00e1l szapor\u00edtotta a n\u00f6v\u00e9nyeket, \u00e9s adom\u00e1nyozta a k\u00f3rh\u00e1znak.<\/p>\n<p>\n\tAz elm\u00falt \u00e9vekben szokatlan aj\u00e1nd\u00e9kokat kapott a Szent Imre Egyetemi Oktat\u00f3k\u00f3rh\u00e1z. A 80 \u00e9ves Magdi n\u00e9ni, Bedros f\u0151igazgat\u00f3 \u00e9desanyja \u00f6sszesen mintegy 30 nagy t\u0151, csodasz\u00e9p, nagy \u00e9rt\u00e9k\u0171 leandert adom\u00e1nyozott az int\u00e9zm\u00e9nynek.<\/p>\n<p>\n\t\u00a0<\/p>\n<p>\n\t<a href=\"https:\/\/www.origo.hu\/itthon\/20220630-magdi-neni-leanderei-a-szent-imre-korhaz-kertjenek-buszkesegei-masfel-millio-forint-ertekben.html\" target=\"_blank\">B\u0151vebben\u2026<\/a><\/p>\n<p>\n\t\u00a0<\/p>\n\n\n\n\t<div class=\"dkpdf-button-container\" style=\"            text-align:right \">\n\n\t\t<a class=\"dkpdf-button\" href=\"\/index.php\/wp-json\/wp\/v2\/posts\/617?pdf=617\" target=\"_blank\"><span class=\"dkpdf-button-icon\"><i class=\"fa fa-file-pdf-o\"><\/i><\/span> Let\u00f6lt\u00e9s<\/a>\n\n\t<\/div>\n\n\n\n\n\n","protected":false},"excerpt":{"rendered":"<p>\u00a0 Magdi n\u00e9ni leanderei a Szent Imre K\u00f3rh\u00e1z kertj\u00e9nek b\u00fcszkes\u00e9gei K\u00f6zel 1,5 milli\u00f3 forint \u00e9rt\u00e9kben kapott a Szent Imre Egyetemi Oktat\u00f3k\u00f3rh\u00e1z leandereket Magdi n\u00e9nit\u0151l, Dr.&hellip;<\/p>\n","protected":false},"author":4,"featured_media":616,"comment_status":"closed","ping_status":"closed","sticky":false,"template":"","format":"standard","meta":{"_acf_changed":false,"footnotes":""},"categories":[],"tags":[],"class_list":["post-617","post","type-post","status-publish","format-standard","has-post-thumbnail","hentry"],"acf":[],"post_type":"post","author_name":"Informatikai csoport","_links":{"self":[{"href":"https:\/\/www.szentimrekorhaz.hu\/index.php\/wp-json\/wp\/v2\/posts\/617","targetHints":{"allow":["GET"]}}],"collection":[{"href":"https:\/\/www.szentimrekorhaz.hu\/index.php\/wp-json\/wp\/v2\/posts"}],"about":[{"href":"https:\/\/www.szentimrekorhaz.hu\/index.php\/wp-json\/wp\/v2\/types\/post"}],"author":[{"embeddable":true,"href":"https:\/\/www.szentimrekorhaz.hu\/index.php\/wp-json\/wp\/v2\/users\/4"}],"replies":[{"embeddable":true,"href":"https:\/\/www.szentimrekorhaz.hu\/index.php\/wp-json\/wp\/v2\/comments?post=617"}],"version-history":[{"count":0,"href":"https:\/\/www.szentimrekorhaz.hu\/index.php\/wp-json\/wp\/v2\/posts\/617\/revisions"}],"wp:featuredmedia":[{"embeddable":true,"href":"https:\/\/www.szentimrekorhaz.hu\/index.php\/wp-json\/wp\/v2\/media\/616"}],"wp:attachment":[{"href":"https:\/\/www.szentimrekorhaz.hu\/index.php\/wp-json\/wp\/v2\/media?parent=617"}],"wp:term":[{"taxonomy":"category","embeddable":true,"href":"https:\/\/www.szentimrekorhaz.hu\/index.php\/wp-json\/wp\/v2\/categories?post=617"},{"taxonomy":"post_tag","embeddable":true,"href":"https:\/\/www.szentimrekorhaz.hu\/index.php\/wp-json\/wp\/v2\/tags?post=617"}],"curies":[{"name":"wp","href":"https:\/\/api.w.org\/{rel}","templated":true}]}}