{"id":621,"date":"2022-09-15T10:14:41","date_gmt":"2022-09-15T08:14:41","guid":{"rendered":"http:\/\/localhost\/index.php\/tajekoztato-szul-nogyogy-betegefelvetel20220915\/"},"modified":"2022-09-15T10:14:41","modified_gmt":"2022-09-15T08:14:41","slug":"tajekoztato-szul-nogyogy-betegefelvetel20220915","status":"publish","type":"post","link":"https:\/\/www.szentimrekorhaz.hu\/index.php\/tajekoztato-szul-nogyogy-betegefelvetel20220915\/","title":{"rendered":"T\u00e1j\u00e9koztat\u00f3 &#8211; Sz\u00fcl\u00e9szeti \u00e9s N\u0151gy\u00f3gy\u00e1szati Oszt\u00e1ly\u00e1n a betegfelv\u00e9telel sz\u00fcnetel"},"content":{"rendered":"<p>\n\tKEDVES P\u00c1CIENSEINK!<\/p>\n<p>\n\tT\u00e1j\u00e9koztatjuk \u00d6n\u00f6ket, hogy a D\u00e9l-budai Centrumk\u00f3rh\u00e1z Szent Imre Egyetemi Oktat\u00f3k\u00f3rh\u00e1z Sz\u00fcl\u00e9szeti \u00e9s N\u0151gy\u00f3gy\u00e1szati Oszt\u00e1ly\u00e1n\u00a0a betegfelv\u00e9tel szeptember 16. 24:00 \u00f3r\u00e1t\u00f3l szeptember 18. 8:00 \u00f3r\u00e1ig, azaz p\u00e9ntek \u00e9jf\u00e9lt\u0151l vas\u00e1rnap reggelig\u00a0sz\u00fcnetel az oszt\u00e1ly t\u00falterhelts\u00e9ge, a ter\u00fcletileg nem a k\u00f3rh\u00e1zunkhoz tartoz\u00f3, megn\u00f6vekedett nagy sz\u00e1m\u00fa \u00e1tjelentkez\u00e9sek \u00e9s a megbeteged\u00e9sek miatt kialakult, szem\u00e9lyi felt\u00e9telek \u00e1tmeneti hi\u00e1nya miatt. Oszt\u00e1lyunk magas sz\u00fcl\u00e9szeti sz\u00e1mmal, a term\u00e9szetes sz\u00fcl\u00e9sek t\u00e1mogat\u00e1s\u00e1ban \u00e9len j\u00e1r\u00f3 int\u00e9zm\u00e9nyk\u00e9nt m\u0171k\u00f6dik, ez\u00e9rt sokan szeretn\u00e9k k\u00f3rh\u00e1zunkban vil\u00e1gra hozni gyermek\u00fcket.<\/p>\n<p>\n\tK\u00f3rh\u00e1zunk Sz\u00fcl\u00e9szeti \u00e9s N\u0151gy\u00f3gy\u00e1szati Oszt\u00e1ly\u00e1nak j\u00f3 h\u00edrneve orsz\u00e1gos, c\u00e9lunk, hogy\u00a0a hozz\u00e1nk \u00e9rkez\u0151 kismam\u00e1k a legnagyobb biztons\u00e1gban \u00e9s odafigyel\u00e9ssel hozhass\u00e1k vil\u00e1gra gyermek\u00fcket. Felel\u0151s eg\u00e9szs\u00e9g\u00fcgyi int\u00e9zm\u00e9nyk\u00e9nt nem tehetj\u00fck meg, hogy mindezt ak\u00e1r csak egyetlen napra ne tudjuk biztos\u00edtani. Ez\u00e9rt a\u00a0Nemzeti N\u00e9peg\u00e9szs\u00e9g\u00fcgyi K\u00f6zpont 53120-2\/2022\/E\u00dcIG sz\u00e1m\u00fa kijel\u00f6l\u0151 hat\u00e1rozata alapj\u00e1n k\u00e9rj\u00fck, hogy a megindult sz\u00fcl\u00e9s vagy akut n\u0151gy\u00f3gy\u00e1szati panaszok eset\u00e9n az \u00c9szak-K\u00f6z\u00e9p-budai \u00daj Szent J\u00e1nos K\u00f3rh\u00e1z, a Semmelweis Egyetem Klinikai K\u00f6zpont, illetve a D\u00e9l-pesti Centrumk\u00f3rh\u00e1z \u2013 Orsz\u00e1gos Hematol\u00f3giai \u00e9s Infektol\u00f3giai Int\u00e9zet valamelyik\u00e9t keress\u00e9k fel ell\u00e1t\u00e1s c\u00e9lj\u00e1b\u00f3l.<\/p>\n<p>\n\tK\u00f6sz\u00f6nj\u00fck sz\u00edves meg\u00e9rt\u00e9s\u00fcket!<br>\n\tA D\u00e9l-budai Centrumk\u00f3rh\u00e1z Szent Imre Egyetemi Oktat\u00f3k\u00f3rh\u00e1z vezet\u0151s\u00e9ge<\/p>\n\n\n\n\t<div class=\"dkpdf-button-container\" style=\"            text-align:right \">\n\n\t\t<a class=\"dkpdf-button\" href=\"\/index.php\/wp-json\/wp\/v2\/posts\/621?pdf=621\" target=\"_blank\"><span class=\"dkpdf-button-icon\"><i class=\"fa fa-file-pdf-o\"><\/i><\/span> Let\u00f6lt\u00e9s<\/a>\n\n\t<\/div>\n\n\n\n\n\n","protected":false},"excerpt":{"rendered":"<p>KEDVES P\u00c1CIENSEINK! T\u00e1j\u00e9koztatjuk \u00d6n\u00f6ket, hogy a D\u00e9l-budai Centrumk\u00f3rh\u00e1z Szent Imre Egyetemi Oktat\u00f3k\u00f3rh\u00e1z Sz\u00fcl\u00e9szeti \u00e9s N\u0151gy\u00f3gy\u00e1szati Oszt\u00e1ly\u00e1n\u00a0a betegfelv\u00e9tel szeptember 16. 24:00 \u00f3r\u00e1t\u00f3l szeptember 18. 8:00 \u00f3r\u00e1ig,&hellip;<\/p>\n","protected":false},"author":2,"featured_media":0,"comment_status":"closed","ping_status":"closed","sticky":false,"template":"","format":"standard","meta":{"_acf_changed":false,"footnotes":""},"categories":[],"tags":[],"class_list":["post-621","post","type-post","status-publish","format-standard","hentry"],"acf":[],"post_type":"post","author_name":"Bal\u00f3 \u00c1d\u00e1m","_links":{"self":[{"href":"https:\/\/www.szentimrekorhaz.hu\/index.php\/wp-json\/wp\/v2\/posts\/621","targetHints":{"allow":["GET"]}}],"collection":[{"href":"https:\/\/www.szentimrekorhaz.hu\/index.php\/wp-json\/wp\/v2\/posts"}],"about":[{"href":"https:\/\/www.szentimrekorhaz.hu\/index.php\/wp-json\/wp\/v2\/types\/post"}],"author":[{"embeddable":true,"href":"https:\/\/www.szentimrekorhaz.hu\/index.php\/wp-json\/wp\/v2\/users\/2"}],"replies":[{"embeddable":true,"href":"https:\/\/www.szentimrekorhaz.hu\/index.php\/wp-json\/wp\/v2\/comments?post=621"}],"version-history":[{"count":0,"href":"https:\/\/www.szentimrekorhaz.hu\/index.php\/wp-json\/wp\/v2\/posts\/621\/revisions"}],"wp:attachment":[{"href":"https:\/\/www.szentimrekorhaz.hu\/index.php\/wp-json\/wp\/v2\/media?parent=621"}],"wp:term":[{"taxonomy":"category","embeddable":true,"href":"https:\/\/www.szentimrekorhaz.hu\/index.php\/wp-json\/wp\/v2\/categories?post=621"},{"taxonomy":"post_tag","embeddable":true,"href":"https:\/\/www.szentimrekorhaz.hu\/index.php\/wp-json\/wp\/v2\/tags?post=621"}],"curies":[{"name":"wp","href":"https:\/\/api.w.org\/{rel}","templated":true}]}}