{"id":623,"date":"2022-10-11T13:43:32","date_gmt":"2022-10-11T11:43:32","guid":{"rendered":"http:\/\/localhost\/index.php\/tajekoztatas20221011\/"},"modified":"2022-10-11T13:43:32","modified_gmt":"2022-10-11T11:43:32","slug":"tajekoztatas20221011","status":"publish","type":"post","link":"https:\/\/www.szentimrekorhaz.hu\/index.php\/tajekoztatas20221011\/","title":{"rendered":"T\u00e1j\u00e9koztat\u00e1s a Sz\u00fcl\u00e9szeti-\u00e9s N\u0151gy\u00f3gy\u00e1szati Oszt\u00e1ly m\u0171k\u00f6d\u00e9s\u00e9vel kapcsolatban"},"content":{"rendered":"<p>\n\tTisztelt P\u00e1cienseink! Kedves Kismam\u00e1k!<\/p>\n<p>\n\tK\u00f3rh\u00e1zunk vezet\u0151s\u00e9g\u00e9nek tudom\u00e1s\u00e1ra jutott, hogy val\u00f3tlan \u00e1ll\u00edt\u00e1sok jelentek meg k\u00f3rh\u00e1zunk Sz\u00fcl\u00e9szeti-\u00e9s N\u0151gy\u00f3gy\u00e1szati Oszt\u00e1ly\u00e1nak m\u0171k\u00f6d\u00e9s\u00e9vel kapcsolatban.<\/p>\n<p>\n\tAz \u00e9rtes\u00fcl\u00e9s t\u00e9ves. A D\u00e9l-budai Centrumk\u00f3rh\u00e1z Szent Imre Egyetemi Oktat\u00f3k\u00f3rh\u00e1zban a Sz\u00fcl\u00e9szeti-\u00e9s N\u0151gy\u00f3gy\u00e1szati Oszt\u00e1lya NEM \u00c1LL LE, m\u0171k\u00f6d\u00e9se a tov\u00e1bbiakban is biztos\u00edtott.<\/p>\n<p>\n\tK\u00e9rj\u00fck, hogy a k\u00f3rh\u00e1zunkat \u00e9rint\u0151 inform\u00e1ci\u00f3nkr\u00f3l minden esetben honlapunkon t\u00e1j\u00e9koz\u00f3djon!<\/p>\n<p>\n\tK\u00f6sz\u00f6nettel:<br>\n\tD\u00e9l-budai Centrumk\u00f3rh\u00e1z Szent Imre Egyetemi Oktat\u00f3k\u00f3rh\u00e1z vezet\u00e9se<\/p>\n\n\n\n\t<div class=\"dkpdf-button-container\" style=\"            text-align:right \">\n\n\t\t<a class=\"dkpdf-button\" href=\"\/index.php\/wp-json\/wp\/v2\/posts\/623?pdf=623\" target=\"_blank\"><span class=\"dkpdf-button-icon\"><i class=\"fa fa-file-pdf-o\"><\/i><\/span> Let\u00f6lt\u00e9s<\/a>\n\n\t<\/div>\n\n\n\n\n\n","protected":false},"excerpt":{"rendered":"<p>Tisztelt P\u00e1cienseink! Kedves Kismam\u00e1k! K\u00f3rh\u00e1zunk vezet\u0151s\u00e9g\u00e9nek tudom\u00e1s\u00e1ra jutott, hogy val\u00f3tlan \u00e1ll\u00edt\u00e1sok jelentek meg k\u00f3rh\u00e1zunk Sz\u00fcl\u00e9szeti-\u00e9s N\u0151gy\u00f3gy\u00e1szati Oszt\u00e1ly\u00e1nak m\u0171k\u00f6d\u00e9s\u00e9vel kapcsolatban. Az \u00e9rtes\u00fcl\u00e9s t\u00e9ves. A D\u00e9l-budai Centrumk\u00f3rh\u00e1z&hellip;<\/p>\n","protected":false},"author":2,"featured_media":0,"comment_status":"closed","ping_status":"closed","sticky":false,"template":"","format":"standard","meta":{"_acf_changed":false,"footnotes":""},"categories":[],"tags":[],"class_list":["post-623","post","type-post","status-publish","format-standard","hentry"],"acf":[],"post_type":"post","author_name":"Bal\u00f3 \u00c1d\u00e1m","_links":{"self":[{"href":"https:\/\/www.szentimrekorhaz.hu\/index.php\/wp-json\/wp\/v2\/posts\/623","targetHints":{"allow":["GET"]}}],"collection":[{"href":"https:\/\/www.szentimrekorhaz.hu\/index.php\/wp-json\/wp\/v2\/posts"}],"about":[{"href":"https:\/\/www.szentimrekorhaz.hu\/index.php\/wp-json\/wp\/v2\/types\/post"}],"author":[{"embeddable":true,"href":"https:\/\/www.szentimrekorhaz.hu\/index.php\/wp-json\/wp\/v2\/users\/2"}],"replies":[{"embeddable":true,"href":"https:\/\/www.szentimrekorhaz.hu\/index.php\/wp-json\/wp\/v2\/comments?post=623"}],"version-history":[{"count":0,"href":"https:\/\/www.szentimrekorhaz.hu\/index.php\/wp-json\/wp\/v2\/posts\/623\/revisions"}],"wp:attachment":[{"href":"https:\/\/www.szentimrekorhaz.hu\/index.php\/wp-json\/wp\/v2\/media?parent=623"}],"wp:term":[{"taxonomy":"category","embeddable":true,"href":"https:\/\/www.szentimrekorhaz.hu\/index.php\/wp-json\/wp\/v2\/categories?post=623"},{"taxonomy":"post_tag","embeddable":true,"href":"https:\/\/www.szentimrekorhaz.hu\/index.php\/wp-json\/wp\/v2\/tags?post=623"}],"curies":[{"name":"wp","href":"https:\/\/api.w.org\/{rel}","templated":true}]}}