{"id":700,"date":"2025-03-04T15:37:09","date_gmt":"2025-03-04T14:37:09","guid":{"rendered":"http:\/\/localhost\/index.php\/ma-van-az-elhizas-vilagnapja\/"},"modified":"2025-03-04T15:37:09","modified_gmt":"2025-03-04T14:37:09","slug":"ma-van-az-elhizas-vilagnapja","status":"publish","type":"post","link":"https:\/\/www.szentimrekorhaz.hu\/index.php\/ma-van-az-elhizas-vilagnapja\/","title":{"rendered":"Ma van az Elh\u00edz\u00e1s Vil\u00e1gnapja"},"content":{"rendered":"<div>\n\t\u00a0<\/div>\n<div>\n\t<a href=\"https:\/\/weborvos.hu\/hirek\/ma-van-az-elhizas-vilagnapja-288837\"><span style=\"font-size:18px;\">Ma van az Elh\u00edz\u00e1s Vil\u00e1gnapja<\/span><\/a><\/div>\n<div>\n\t\u00a0<\/div>\n<p>\n\t<img decoding=\"async\" class=\" alignleft size-full wp-image-574\" alt=\"F\u0151igazgat\u00f3 \u00far\" src=\"\/wp-content\/uploads\/2021\/04\/BedrosJRobert_vg.jpg\" style=\"height: 150px; margin: 10px; float: left; width: 221px;\" width=\"810\" height=\"550\" srcset=\"https:\/\/www.szentimrekorhaz.hu\/wp-content\/uploads\/2021\/04\/BedrosJRobert_vg.jpg 810w, https:\/\/www.szentimrekorhaz.hu\/wp-content\/uploads\/2021\/04\/BedrosJRobert_vg-300x204.jpg 300w, https:\/\/www.szentimrekorhaz.hu\/wp-content\/uploads\/2021\/04\/BedrosJRobert_vg-768x521.jpg 768w\" sizes=\"(max-width: 810px) 100vw, 810px\" \/><\/p>\n<p>\n\t<strong>A kil\u00f3kkal egy\u00fctt a diab\u00e9tesz, a sz\u00edvel\u00e9gtelens\u00e9g, a rosszindulat\u00fa megbeteged\u00e9sek, de a ment\u00e1lis betegs\u00e9gek kock\u00e1zata is megugrik\u2026<\/strong><\/p>\n<p>\n\t<br>\n\t\u201e\u00c9rdemes lesz\u00f6gezni, hogy sokszor m\u00e9g az sem fekete-feh\u00e9r, hogy pontosan milyen krit\u00e9riumok ment\u00e9n hat\u00e1rozzuk meg az obezit\u00e1st, r\u00e1ad\u00e1sul ebben a k\u00e9rd\u00e9sben gyakran t\u00f6r p\u00e1lc\u00e1t a p\u00e1ciensek felett a k\u00f6rnyezet\u00fck is. \u00c1ltal\u00e1noss\u00e1gban t\u00fals\u00falyosnak tekintj\u00fck azt a szem\u00e9lyt, akinek testt\u00f6megindexe (body mass index, BMI) 25 kg\/m\u00b2 felett van, 30 kg\/m\u00b2 felett pedig m\u00e1r elh\u00edz\u00e1sr\u00f3l besz\u00e9lhet\u00fcnk. Emellett azonban figyelembe kell venni p\u00e9ld\u00e1ul a der\u00e9kk\u00f6rfogatot is, mely a hasi zs\u00edrsz\u00f6vet meg\u00edt\u00e9l\u00e9s\u00e9re szolg\u00e1l. A sz\u00e1mok m\u00f6g\u00f6tt pedig t\u00f6bbek k\u00f6z\u00f6tt genetikai, k\u00f6rnyezeti, fiziol\u00f3gia, \u00e9letm\u00f3dbeli, de ak\u00e1r m\u00e9g kultur\u00e1lis t\u00e9nyez\u0151k is \u00e1llhatnak, vagyis a probl\u00e9ma j\u00f3val komplexebb, mint ahogy azt kor\u00e1bban gondoltuk\u201d \u2013 hangs\u00falyozta az esem\u00e9nyen Prof. Dr. Bedros J. R\u00f3bert belgy\u00f3gy\u00e1sz-obezitol\u00f3gus, a Szent Imre Egyetemi Oktat\u00f3k\u00f3rh\u00e1z f\u0151igazgat\u00f3ja \u00e9s a Magyar Obezitol\u00f3giai \u00e9s Mozg\u00e1ster\u00e1pi\u00e1s T\u00e1rsas\u00e1g (MOMOT) alap\u00edt\u00f3-eln\u00f6ke, valamint a Klinikai obezitol\u00f3gia c\u00edm\u0171 egyetemi tank\u00f6nyv szerz\u0151je \u00e9s f\u0151szerkeszt\u0151je.<\/p>\n<div style=\"margin-right: 0cm; margin-bottom: 7.5pt; margin-left: 0cm; line-height: 21.6pt;\">\n\t<a href=\"https:\/\/weborvos.hu\/hirek\/ma-van-az-elhizas-vilagnapja-288837\" target=\"_blank\">B\u0151vebben\u2026<\/a><\/div>\n\n\n\n\t<div class=\"dkpdf-button-container\" style=\"            text-align:right \">\n\n\t\t<a class=\"dkpdf-button\" href=\"\/index.php\/wp-json\/wp\/v2\/posts\/700?pdf=700\" target=\"_blank\"><span class=\"dkpdf-button-icon\"><i class=\"fa fa-file-pdf-o\"><\/i><\/span> Let\u00f6lt\u00e9s<\/a>\n\n\t<\/div>\n\n\n\n\n\n","protected":false},"excerpt":{"rendered":"<p>\u00a0 Ma van az Elh\u00edz\u00e1s Vil\u00e1gnapja \u00a0 A kil\u00f3kkal egy\u00fctt a diab\u00e9tesz, a sz\u00edvel\u00e9gtelens\u00e9g, a rosszindulat\u00fa megbeteged\u00e9sek, de a ment\u00e1lis betegs\u00e9gek kock\u00e1zata is megugrik\u2026 \u201e\u00c9rdemes&hellip;<\/p>\n","protected":false},"author":4,"featured_media":574,"comment_status":"closed","ping_status":"closed","sticky":false,"template":"","format":"standard","meta":{"_acf_changed":false,"_uag_custom_page_level_css":"","footnotes":""},"categories":[],"tags":[],"class_list":["post-700","post","type-post","status-publish","format-standard","has-post-thumbnail","hentry"],"acf":[],"uagb_featured_image_src":{"full":["https:\/\/www.szentimrekorhaz.hu\/wp-content\/uploads\/2021\/04\/BedrosJRobert_vg.jpg",810,550,false],"thumbnail":["https:\/\/www.szentimrekorhaz.hu\/wp-content\/uploads\/2021\/04\/BedrosJRobert_vg-150x150.jpg",150,150,true],"medium":["https:\/\/www.szentimrekorhaz.hu\/wp-content\/uploads\/2021\/04\/BedrosJRobert_vg-300x204.jpg",300,204,true],"medium_large":["https:\/\/www.szentimrekorhaz.hu\/wp-content\/uploads\/2021\/04\/BedrosJRobert_vg-768x521.jpg",768,521,true],"large":["https:\/\/www.szentimrekorhaz.hu\/wp-content\/uploads\/2021\/04\/BedrosJRobert_vg.jpg",810,550,false],"1536x1536":["https:\/\/www.szentimrekorhaz.hu\/wp-content\/uploads\/2021\/04\/BedrosJRobert_vg.jpg",810,550,false],"2048x2048":["https:\/\/www.szentimrekorhaz.hu\/wp-content\/uploads\/2021\/04\/BedrosJRobert_vg.jpg",810,550,false],"410x410":["https:\/\/www.szentimrekorhaz.hu\/wp-content\/uploads\/2021\/04\/BedrosJRobert_vg-410x410.jpg",410,410,true]},"uagb_author_info":{"display_name":"Informatikai csoport","author_link":"https:\/\/www.szentimrekorhaz.hu\/index.php\/author\/infocsop\/"},"uagb_comment_info":0,"uagb_excerpt":"\u00a0 Ma van az Elh\u00edz\u00e1s Vil\u00e1gnapja \u00a0 A kil\u00f3kkal egy\u00fctt a diab\u00e9tesz, a sz\u00edvel\u00e9gtelens\u00e9g, a rosszindulat\u00fa megbeteged\u00e9sek, de a ment\u00e1lis betegs\u00e9gek kock\u00e1zata is megugrik\u2026 \u201e\u00c9rdemes&hellip;","post_type":"post","author_name":"Informatikai csoport","_links":{"self":[{"href":"https:\/\/www.szentimrekorhaz.hu\/index.php\/wp-json\/wp\/v2\/posts\/700","targetHints":{"allow":["GET"]}}],"collection":[{"href":"https:\/\/www.szentimrekorhaz.hu\/index.php\/wp-json\/wp\/v2\/posts"}],"about":[{"href":"https:\/\/www.szentimrekorhaz.hu\/index.php\/wp-json\/wp\/v2\/types\/post"}],"author":[{"embeddable":true,"href":"https:\/\/www.szentimrekorhaz.hu\/index.php\/wp-json\/wp\/v2\/users\/4"}],"replies":[{"embeddable":true,"href":"https:\/\/www.szentimrekorhaz.hu\/index.php\/wp-json\/wp\/v2\/comments?post=700"}],"version-history":[{"count":0,"href":"https:\/\/www.szentimrekorhaz.hu\/index.php\/wp-json\/wp\/v2\/posts\/700\/revisions"}],"wp:featuredmedia":[{"embeddable":true,"href":"https:\/\/www.szentimrekorhaz.hu\/index.php\/wp-json\/wp\/v2\/media\/574"}],"wp:attachment":[{"href":"https:\/\/www.szentimrekorhaz.hu\/index.php\/wp-json\/wp\/v2\/media?parent=700"}],"wp:term":[{"taxonomy":"category","embeddable":true,"href":"https:\/\/www.szentimrekorhaz.hu\/index.php\/wp-json\/wp\/v2\/categories?post=700"},{"taxonomy":"post_tag","embeddable":true,"href":"https:\/\/www.szentimrekorhaz.hu\/index.php\/wp-json\/wp\/v2\/tags?post=700"}],"curies":[{"name":"wp","href":"https:\/\/api.w.org\/{rel}","templated":true}]}}