{"id":721,"date":"2025-03-07T21:07:16","date_gmt":"2025-03-07T20:07:16","guid":{"rendered":"http:\/\/localhost\/index.php\/nemzetkozi-nonap\/"},"modified":"2025-05-29T07:40:39","modified_gmt":"2025-05-29T05:40:39","slug":"nemzetkozi-nonap","status":"publish","type":"post","link":"https:\/\/www.szentimrekorhaz.hu\/index.php\/nemzetkozi-nonap\/","title":{"rendered":"Nemzetk\u00f6zi N\u0151nap"},"content":{"rendered":"<p>\n\t\u00a0<\/p>\n<p>\n\t<img decoding=\"async\" class=\" alignleft size-full wp-image-720\" alt=\"alt\" src=\"\/wp-content\/uploads\/2025\/03\/nonapBR.jpg\" style=\"float: left; height: 167px; width: 250px; margin: 15px;\" width=\"1200\" height=\"800\" srcset=\"https:\/\/www.szentimrekorhaz.hu\/wp-content\/uploads\/2025\/03\/nonapBR.jpg 1200w, https:\/\/www.szentimrekorhaz.hu\/wp-content\/uploads\/2025\/03\/nonapBR-300x200.jpg 300w, https:\/\/www.szentimrekorhaz.hu\/wp-content\/uploads\/2025\/03\/nonapBR-768x512.jpg 768w, https:\/\/www.szentimrekorhaz.hu\/wp-content\/uploads\/2025\/03\/nonapBR-1024x683.jpg 1024w\" sizes=\"(max-width: 1200px) 100vw, 1200px\" \/><\/p>\n<p>\n\t<span style=\"font-size:14px;\">Nemzetk\u00f6zi N\u0151nap m\u00e1rcius 8<\/span><\/p>\n<p>\n\t<span style=\"font-size:12px;\">Kedves H\u00f6lgyek!<\/span><\/p>\n<p>\n\t<span style=\"font-size:12px;\">A mai napon, m\u00e1rcius 8-\u00e1n, a Nemzetk\u00f6zi N\u0151nap alkalm\u00e1b\u00f3l kifejezem tiszteletemet \u00e9s elismer\u00e9semet minden egyes n\u0151i munkat\u00e1rsunk, koll\u00e9g\u00e1nk ir\u00e1nt. E jeles nap lehet\u0151s\u00e9get ad arra, hogy ne csak \u00fcnnepelj\u00fck, hanem m\u00e9ltassuk is azokat a fontos szerepeket, amelyeket a n\u0151k bet\u00f6ltenek mindennapi \u00e9let\u00fcnkben \u00e9s munk\u00e1nkban.<\/span><\/p>\n<p>\n\t<span style=\"font-size:12px;\">A n\u0151k m\u00e1rciusi \u00fcnnepnapja azonban sok-sok \u00fcnnepl\u00e9sre okot ad\u00f3 tettet, sikert sz\u00e1ml\u00e1l a n\u0151k emancip\u00e1ci\u00f3ja ter\u00e9n. Margaret Thatcher kijelent\u00e9se sokszor igaz\u00e1n helyt\u00e1ll\u00f3: <em>\u201eHa azt akarod, hogy valaki mondjon valamit, k\u00e9rj meg r\u00e1 egy f\u00e9rfit, ha azt akarod, hogy valaki tegyen valamit, k\u00e9rj meg r\u00e1 egy n\u0151t.\u201d <\/em>A n\u0151k kitart\u00e1sa, er\u0151fesz\u00edt\u00e9sei \u00e9s elk\u00f6telezetts\u00e9ge hozz\u00e1j\u00e1rulnak a vil\u00e1g fejl\u0151d\u00e9s\u00e9hez \u00e9s v\u00e1ltoz\u00e1s\u00e1hoz, ak\u00e1r csal\u00e1di, ak\u00e1r munkahelyi k\u00f6rnyezetben.<\/span><\/p>\n<p>\n\t<span style=\"font-size:12px;\">K\u00fcl\u00f6n\u00f6sen a k\u00f3rh\u00e1zi \u00e9s eg\u00e9szs\u00e9g\u00fcgyi int\u00e9zm\u00e9nyekben dolgoz\u00f3 n\u0151i koll\u00e9g\u00e1ink munk\u00e1ja nem csup\u00e1n a munkahelyek siker\u00e9hez, hanem a k\u00f6z\u00f6ss\u00e9g eg\u00e9sz\u00e9nek fejl\u0151d\u00e9s\u00e9hez is alapvet\u0151 hozz\u00e1j\u00e1rul\u00e1st ny\u00fajt. \u0150k azok, akik a legnagyobb felel\u0151ss\u00e9get v\u00e1llalj\u00e1k m\u00e1sok \u00e9let\u00e9\u00e9rt, \u00e9s akik minden nap helyt\u00e1llnak a legnehezebb helyzetekben, seg\u00edtve \u00e9s t\u00e1mogatva a betegeket, mik\u00f6zben szeretetet, t\u00f6r\u0151d\u00e9st \u00e9s odafigyel\u00e9st adnak. Az \u0151szinte tisztelettel \u00e9s h\u00e1l\u00e1val gondolunk itt azokra, akik mindennapjaik sor\u00e1n akt\u00edvan form\u00e1lj\u00e1k k\u00f6rnyezet\u00fcket, t\u00e1mogatj\u00e1k \u00e9s inspir\u00e1lj\u00e1k a k\u00f6r\u00fcl\u00f6tt\u00fck \u00e9l\u0151ket.<\/span><\/p>\n<p>\n\t<span style=\"font-size:12px;\">A k\u00f3rh\u00e1z falai k\u00f6z\u00f6tt \u00d6n\u00f6k nemcsak eg\u00e9szs\u00e9g\u00fcgyi szakemberek, hanem egy\u00fattal vigasztal\u00f3, b\u00e1tor\u00edt\u00f3 \u00e9s er\u0151t ad\u00f3 szem\u00e9lyek is, akiknek munk\u00e1ja alapvet\u0151en hozz\u00e1j\u00e1rul a gy\u00f3gyul\u00e1shoz \u00e9s a k\u00f6z\u00f6ss\u00e9g j\u00f3l\u00e9t\u00e9hez. Mindezek\u00e9rt az er\u0151fesz\u00edt\u00e9sek\u00e9rt \u00e9s az \u00f6nfel\u00e1ldoz\u00f3 munk\u00e1\u00e9rt mindannyian h\u00e1l\u00e1sak vagyunk. K\u00fcl\u00f6n\u00f6sen a mai napon szeretn\u00e9m, ha tudn\u00e1k, hogy minden egyes tett\u00fck \u00e9s szavuk, amit a betegek \u00e9s koll\u00e9g\u00e1k ir\u00e1nt tesznek, nagyra \u00e9rt\u00e9kelj\u00fck. Az \u00d6n\u00f6k munk\u00e1ja t\u00falmutat az orvosi feladatokon, hiszen minden nap p\u00e9ld\u00e1t mutatnak a szeretet, t\u00fcrelem \u00e9s odafigyel\u00e9s erej\u00e9b\u0151l.<\/span><\/p>\n<p>\n\t<span style=\"font-size:12px;\">A brit \u00edr\u00f3, William Golding szavaival \u00e9lve: <em>\u201eB\u00e1rmit kap a n\u0151 a f\u00e9rfit\u0151l, mindig valami sokkal nagyszer\u0171bbet teremt bel\u0151le. Ha a f\u00e9rfi h\u00e1zat ad, a n\u0151 otthont teremt bel\u0151le. Ha a f\u00e9rfi hozz\u00e1val\u00f3kat ad, a n\u0151 \u00e9telt teremt bel\u0151le. Ha a f\u00e9rfi egy mosolyt ad, a n\u0151 a sz\u00edv\u00e9t adja \u00e9rte.<br>\n\tA n\u0151 mindent megt\u00f6bbsz\u00f6r\u00f6z \u00e9s min\u0151s\u00e9gileg \u00e9rt\u00e9kesebb\u00e9 tesz. Ez\u00e9rt sose b\u00e1ntsd meg a n\u0151t!\u201d<\/em><br>\n\tE szavak igazs\u00e1g\u00e1t mindannyian tapasztalhatjuk a mindennapi \u00e9letben.<\/span><\/p>\n<p>\n\t<span style=\"font-size:12px;\">Ezen a k\u00fcl\u00f6nleges napon k\u00f6sz\u00f6netet mondok mindannyiuk munk\u00e1j\u00e1\u00e9rt, \u00e1ldozatos tev\u00e9kenys\u00e9g\u00fck\u00e9rt \u00e9s elhivatotts\u00e1guk\u00e9rt, amellyel gazdag\u00edtj\u00e1k k\u00f6z\u00f6ss\u00e9g\u00fcnket \u00e9s hozz\u00e1j\u00e1rulnak annak fejl\u0151d\u00e9s\u00e9hez. Munk\u00e1juk elismer\u00e9se \u00e9s m\u00e9ltat\u00e1sa nem csup\u00e1n ezen a napon, hanem minden egyes napon kiemelten fontos sz\u00e1munkra.<\/span><\/p>\n<p>\n\t<span style=\"font-size:12px;\">K\u00edv\u00e1nom, hogy a n\u0151i er\u0151, kitart\u00e1s \u00e9s b\u00f6lcsess\u00e9g tov\u00e1bbra is vez\u00e9relje \u00d6n\u00f6ket mindennapi tev\u00e9kenys\u00e9g\u00fckben, \u00e9s hogy a j\u00f6v\u0151ben m\u00e9g t\u00f6bb sikert \u00e9s boldogs\u00e1got \u00e9rjenek el a munk\u00e1jukban \u00e9s szem\u00e9lyes \u00e9let\u00fckben egyar\u00e1nt.<\/span><\/p>\n<p>\n\t<span style=\"font-size:12px;\">Tov\u00e1bbi sok boldog, sikeres \u00e9vet k\u00edv\u00e1nok minden h\u00f6lgynek!<\/span><\/p>\n<p>\n\t<span style=\"font-size:12px;\">\u00dcdv\u00f6zlettel:<br>\n\tDr. Bedros J. R\u00f3bert<\/span><\/p>\n\n\n\n\t<div class=\"dkpdf-button-container\" style=\"            text-align:right \">\n\n\t\t<a class=\"dkpdf-button\" href=\"\/index.php\/wp-json\/wp\/v2\/posts\/721?pdf=721\" target=\"_blank\"><span class=\"dkpdf-button-icon\"><i class=\"fa fa-file-pdf-o\"><\/i><\/span> Let\u00f6lt\u00e9s<\/a>\n\n\t<\/div>\n\n\n\n\n\n","protected":false},"excerpt":{"rendered":"<p>\u00a0 Nemzetk\u00f6zi N\u0151nap m\u00e1rcius 8 Kedves H\u00f6lgyek! A mai napon, m\u00e1rcius 8-\u00e1n, a Nemzetk\u00f6zi N\u0151nap alkalm\u00e1b\u00f3l kifejezem tiszteletemet \u00e9s elismer\u00e9semet minden egyes n\u0151i munkat\u00e1rsunk, koll\u00e9g\u00e1nk&hellip;<\/p>\n","protected":false},"author":4,"featured_media":720,"comment_status":"closed","ping_status":"closed","sticky":false,"template":"","format":"standard","meta":{"_acf_changed":false,"footnotes":""},"categories":[37],"tags":[],"class_list":["post-721","post","type-post","status-publish","format-standard","has-post-thumbnail","hentry","category-cimlaphirek"],"acf":[],"post_type":"post","author_name":"Informatikai csoport","_links":{"self":[{"href":"https:\/\/www.szentimrekorhaz.hu\/index.php\/wp-json\/wp\/v2\/posts\/721","targetHints":{"allow":["GET"]}}],"collection":[{"href":"https:\/\/www.szentimrekorhaz.hu\/index.php\/wp-json\/wp\/v2\/posts"}],"about":[{"href":"https:\/\/www.szentimrekorhaz.hu\/index.php\/wp-json\/wp\/v2\/types\/post"}],"author":[{"embeddable":true,"href":"https:\/\/www.szentimrekorhaz.hu\/index.php\/wp-json\/wp\/v2\/users\/4"}],"replies":[{"embeddable":true,"href":"https:\/\/www.szentimrekorhaz.hu\/index.php\/wp-json\/wp\/v2\/comments?post=721"}],"version-history":[{"count":1,"href":"https:\/\/www.szentimrekorhaz.hu\/index.php\/wp-json\/wp\/v2\/posts\/721\/revisions"}],"predecessor-version":[{"id":924,"href":"https:\/\/www.szentimrekorhaz.hu\/index.php\/wp-json\/wp\/v2\/posts\/721\/revisions\/924"}],"wp:featuredmedia":[{"embeddable":true,"href":"https:\/\/www.szentimrekorhaz.hu\/index.php\/wp-json\/wp\/v2\/media\/720"}],"wp:attachment":[{"href":"https:\/\/www.szentimrekorhaz.hu\/index.php\/wp-json\/wp\/v2\/media?parent=721"}],"wp:term":[{"taxonomy":"category","embeddable":true,"href":"https:\/\/www.szentimrekorhaz.hu\/index.php\/wp-json\/wp\/v2\/categories?post=721"},{"taxonomy":"post_tag","embeddable":true,"href":"https:\/\/www.szentimrekorhaz.hu\/index.php\/wp-json\/wp\/v2\/tags?post=721"}],"curies":[{"name":"wp","href":"https:\/\/api.w.org\/{rel}","templated":true}]}}